{"id":725,"date":"2021-12-26T08:00:00","date_gmt":"2021-12-26T11:00:00","guid":{"rendered":"https:\/\/dancingdemonart.com\/blog\/?p=725"},"modified":"2021-10-15T11:10:22","modified_gmt":"2021-10-15T14:10:22","slug":"elfos-navidenos-diabolicos-y-nazis","status":"publish","type":"post","link":"https:\/\/dancingdemonart.com\/blog\/es-ar\/elfos-navidenos-diabolicos-y-nazis\/","title":{"rendered":"Elfos Navide\u00f1os Diab\u00f3licos\u2026 y Nazis"},"content":{"rendered":"\n<h1 class=\"wp-block-heading\">Elfos Navide\u00f1os Diab\u00f3licos\u2026 y Nazis<\/h1>\n\n\n\n<p>En esta ocasi\u00f3n hablar\u00e9 de una pel\u00edcula de terror navide\u00f1o, que mezcla varias cosas y el resultado es, pues, un mejunje. La pel\u00edcula se llama, simplemente, \u201cElves\u201d. Aqu\u00ed vamos:<\/p>\n\n\n\n<p>A diferencia de las otras pel\u00edculas que coment\u00e9 este mes, esta es mala y con ganas. El primer punto que quiero citar, lo que definitivamente le impidi\u00f3 pasar mis est\u00e1ndares de calidad es esto: Las actrices no saben gritar. Una de ellas incluso, se toma su tiempo, hace unos movimientos raros con la cabeza, para terminar soltando un grito pat\u00e9tico.<\/p>\n\n\n\n<figure class=\"wp-block-image size-full\"><img decoding=\"async\" width=\"650\" height=\"365\" data-src=\"https:\/\/dancingdemonart.com\/blog\/wp-content\/uploads\/elves.jpg\" alt=\"elfo\" class=\"wp-image-716 lazyload\" data-srcset=\"https:\/\/dancingdemonart.com\/blog\/wp-content\/uploads\/elves.jpg 650w, https:\/\/dancingdemonart.com\/blog\/wp-content\/uploads\/elves-600x337.jpg 600w, https:\/\/dancingdemonart.com\/blog\/wp-content\/uploads\/elves-300x168.jpg 300w, https:\/\/dancingdemonart.com\/blog\/wp-content\/uploads\/elves-400x225.jpg 400w\" data-sizes=\"(max-width: 650px) 100vw, 650px\" src=\"data:image\/svg+xml;base64,PHN2ZyB3aWR0aD0iMSIgaGVpZ2h0PSIxIiB4bWxucz0iaHR0cDovL3d3dy53My5vcmcvMjAwMC9zdmciPjwvc3ZnPg==\" style=\"--smush-placeholder-width: 650px; --smush-placeholder-aspect-ratio: 650\/365;\" \/><figcaption>elfo<\/figcaption><\/figure>\n\n\n\n<p>Lo segundo que no me gust\u00f3 fue que ten\u00eda escenas dram\u00e1ticas estilo mala telenovela.<\/p>\n\n\n\n<p>La pel\u00edcula es de los \u201880, pero el presupuesto es tan bajo que parece de los \u201870. Eso no siempre es malo: Algunas pel\u00edculas de bajo presupuesto son buenas, pero no es el caso.<\/p>\n\n\n\n<p>Las muertes, por otro lado, est\u00e1n muy mal hechas. Algunas ni siquiera se entienden.<\/p>\n\n\n\n<p>Una cosa que s\u00ed me gust\u00f3 fue la participaci\u00f3n de un detective retirado muy parecido a Santa Claus. Es uno de los pocos que act\u00faa bien.<\/p>\n\n\n\n<figure class=\"wp-block-image size-full\"><img decoding=\"async\" width=\"300\" height=\"168\" data-src=\"https:\/\/dancingdemonart.com\/blog\/wp-content\/uploads\/elvesSantaClaus.jpg\" alt=\"elves santa\" class=\"wp-image-719 lazyload\" src=\"data:image\/svg+xml;base64,PHN2ZyB3aWR0aD0iMSIgaGVpZ2h0PSIxIiB4bWxucz0iaHR0cDovL3d3dy53My5vcmcvMjAwMC9zdmciPjwvc3ZnPg==\" style=\"--smush-placeholder-width: 300px; --smush-placeholder-aspect-ratio: 300\/168;\" \/><figcaption>elves santa<\/figcaption><\/figure>\n\n\n\n<div style=\"background-color:red;width:100%; padding: 10px;color:yellow;\">Antes de continuar, spoiler alert: Si est\u00e1s pensando en ver la pel\u00edcula, deber\u00edas dejar de leer ahora.<\/div>\n\n\n\n<p>Tambi\u00e9n tenemos una escena muy graciosa, donde un personaje muere electrocutado, y la actriz lo interpreta como si estuviera bailando tecno. Eso me hizo re\u00edr. Un punto a su favor.<\/p>\n\n\n\n<figure class=\"wp-block-image size-large\"><img decoding=\"async\" width=\"1024\" height=\"740\" data-src=\"https:\/\/dancingdemonart.com\/blog\/wp-content\/uploads\/elvesBanera-1024x740.jpg\" alt=\"elves ba\u00f1era\" class=\"wp-image-717 lazyload\" data-srcset=\"https:\/\/dancingdemonart.com\/blog\/wp-content\/uploads\/elvesBanera-1024x740.jpg 1024w, https:\/\/dancingdemonart.com\/blog\/wp-content\/uploads\/elvesBanera-600x433.jpg 600w, https:\/\/dancingdemonart.com\/blog\/wp-content\/uploads\/elvesBanera-300x217.jpg 300w, https:\/\/dancingdemonart.com\/blog\/wp-content\/uploads\/elvesBanera-768x555.jpg 768w, https:\/\/dancingdemonart.com\/blog\/wp-content\/uploads\/elvesBanera-825x596.jpg 825w, https:\/\/dancingdemonart.com\/blog\/wp-content\/uploads\/elvesBanera-1384x1000.jpg 1384w, https:\/\/dancingdemonart.com\/blog\/wp-content\/uploads\/elvesBanera-400x289.jpg 400w, https:\/\/dancingdemonart.com\/blog\/wp-content\/uploads\/elvesBanera.jpg 1441w\" data-sizes=\"(max-width: 1024px) 100vw, 1024px\" src=\"data:image\/svg+xml;base64,PHN2ZyB3aWR0aD0iMSIgaGVpZ2h0PSIxIiB4bWxucz0iaHR0cDovL3d3dy53My5vcmcvMjAwMC9zdmciPjwvc3ZnPg==\" style=\"--smush-placeholder-width: 1024px; --smush-placeholder-aspect-ratio: 1024\/740;\" \/><figcaption>elves ba\u00f1era<\/figcaption><\/figure>\n\n\n\n<h2 class=\"wp-block-heading\">La trama<\/h2>\n\n\n\n<p>Todo empieza con una chica que roba un libro de su abuelo, realiza un ritual en el bosque con sus amigas y, accidentalmente, se corta la mano. La sangre cae en el suelo y revive a un elfo navide\u00f1o maligno.<\/p>\n\n\n\n<figure class=\"wp-block-image size-large\"><img decoding=\"async\" width=\"1024\" height=\"576\" data-src=\"https:\/\/dancingdemonart.com\/blog\/wp-content\/uploads\/elvesChica-1024x576.jpg\" alt=\"elves chica\" class=\"wp-image-718 lazyload\" data-srcset=\"https:\/\/dancingdemonart.com\/blog\/wp-content\/uploads\/elvesChica-1024x576.jpg 1024w, https:\/\/dancingdemonart.com\/blog\/wp-content\/uploads\/elvesChica-600x338.jpg 600w, https:\/\/dancingdemonart.com\/blog\/wp-content\/uploads\/elvesChica-300x169.jpg 300w, https:\/\/dancingdemonart.com\/blog\/wp-content\/uploads\/elvesChica-768x432.jpg 768w, https:\/\/dancingdemonart.com\/blog\/wp-content\/uploads\/elvesChica-825x464.jpg 825w, https:\/\/dancingdemonart.com\/blog\/wp-content\/uploads\/elvesChica-400x225.jpg 400w, https:\/\/dancingdemonart.com\/blog\/wp-content\/uploads\/elvesChica.jpg 1280w\" data-sizes=\"(max-width: 1024px) 100vw, 1024px\" src=\"data:image\/svg+xml;base64,PHN2ZyB3aWR0aD0iMSIgaGVpZ2h0PSIxIiB4bWxucz0iaHR0cDovL3d3dy53My5vcmcvMjAwMC9zdmciPjwvc3ZnPg==\" style=\"--smush-placeholder-width: 1024px; --smush-placeholder-aspect-ratio: 1024\/576;\" \/><figcaption>elves chica<\/figcaption><\/figure>\n\n\n\n<p>A medida que avanza la historia, nos enteramos que los nazis experimentaron con los elfos, con la idea de crear el ej\u00e9rcito perfecto. La chica resulta ser una princesa aria perfecta, creada por los nazis para que se aparee con el elfo. Ah, y su hijo ser\u00eda el anticristo.<\/p>\n\n\n\n<h2 class=\"wp-block-heading\">Otros detalles bizarros<\/h2>\n\n\n\n<p>La chica tiene un hermano menor, que es el t\u00edpico ni\u00f1o revoltoso, que la esp\u00eda mientras se cambia. \u00bfWtf? La chica tiene tambi\u00e9n una madrastra, que es la t\u00edpica madrastra mala mal\u00edsima, que nunca le dice nada bonito y le hace toda clase de maldades.<\/p>\n\n\n\n<p>El elfo es, b\u00e1sicamente, un Gollum (m\u00e1s feo) con patas muy cortas. Ah, y por alguna raz\u00f3n, ve todo como si estuviera borracho y tiene la boca abierta todo el tiempo.<\/p>\n\n\n\n<p>A todo esto, el abuelo de la chica, que es un nazi retirado (y arrepentido), tiene una piedra m\u00e1gica, que no se entiende bien qu\u00e9 hace, hasta que la chica decide usarla de una forma extra\u00f1a\u2026<\/p>\n\n\n\n<p>En el final, se aseguran la secuela, pero de una forma que me hizo preguntarme cu\u00e1ndo y c\u00f3mo pas\u00f3 eso. O se olvidaron de explicarlo o no quer\u00edan que la pel\u00edcula recibiera calificaci\u00f3n R o X. En fin, v\u00e9anla, s\u00f3lo si est\u00e1n muy aburridos.<\/p>\n\n\n\n<h4 class=\"wp-block-heading\">Aqu\u00ed el trailer:<\/h4>\n\n\n\n<figure class=\"wp-block-embed is-type-video is-provider-youtube wp-block-embed-youtube wp-embed-aspect-4-3 wp-has-aspect-ratio\"><div class=\"wp-block-embed__wrapper\">\n<iframe title=\"ELVES trailer\" width=\"1230\" height=\"923\" data-src=\"https:\/\/www.youtube.com\/embed\/GLo795JFfpg?feature=oembed\" frameborder=\"0\" allow=\"accelerometer; autoplay; clipboard-write; encrypted-media; gyroscope; picture-in-picture\" allowfullscreen src=\"data:image\/svg+xml;base64,PHN2ZyB3aWR0aD0iMSIgaGVpZ2h0PSIxIiB4bWxucz0iaHR0cDovL3d3dy53My5vcmcvMjAwMC9zdmciPjwvc3ZnPg==\" class=\"lazyload\" data-load-mode=\"1\"><\/iframe>\n<\/div><\/figure>\n\n\n\n<hr class=\"wp-block-separator has-text-color has-vivid-green-cyan-color has-css-opacity has-vivid-green-cyan-background-color has-background is-style-wide\"\/>\n\n\n\n<p>Mi nuevo c\u00f3mic &#8220;De Torturador a Superh\u00e9roe&#8221;, ya est\u00e1 disponible en mi tienda virtual. \u00a1Aprovecha la promoci\u00f3n!<\/p>\n\n\n<div data-block-name=\"woocommerce\/handpicked-products\" data-products=\"[3205]\" class=\"wc-block-grid wp-block-handpicked-products wp-block-woocommerce-handpicked-products wc-block-handpicked-products has-3-columns has-multiple-rows\"><ul class=\"wc-block-grid__products\"><li class=\"wc-block-grid__product\">\n\t\t\t\t<a href=\"https:\/\/dancingdemonart.com\/blog\/product\/torturador-superheroe-capitulo-1\/\" class=\"wc-block-grid__product-link\">\n\t\t\t\t\t<div class=\"wc-block-grid__product-onsale\">\n\t\t\t<span aria-hidden=\"true\">Sale<\/span>\n\t\t\t<span class=\"screen-reader-text\">Product on sale<\/span>\n\t\t<\/div>\n\t\t\t\t\t<div class=\"wc-block-grid__product-image\"><img decoding=\"async\" width=\"300\" height=\"300\" data-src=\"https:\/\/dancingdemonart.com\/blog\/wp-content\/uploads\/deTorturadorASuperheroe1-300x300.jpeg\" class=\"attachment-woocommerce_thumbnail size-woocommerce_thumbnail lazyload\" alt=\"De Torturador a Superh\u00e9roe - Cap\u00edtulo 1 - Portada\" data-srcset=\"https:\/\/dancingdemonart.com\/blog\/wp-content\/uploads\/\/deTorturadorASuperheroe1-300x300.jpeg 300w, https:\/\/dancingdemonart.com\/blog\/wp-content\/uploads\/\/deTorturadorASuperheroe1-150x150.jpeg 150w, https:\/\/dancingdemonart.com\/blog\/wp-content\/uploads\/\/deTorturadorASuperheroe1-100x100.jpeg 100w, https:\/\/dancingdemonart.com\/blog\/wp-content\/uploads\/\/deTorturadorASuperheroe1-120x120.jpeg 120w\" data-sizes=\"(max-width: 300px) 100vw, 300px\" src=\"data:image\/svg+xml;base64,PHN2ZyB3aWR0aD0iMSIgaGVpZ2h0PSIxIiB4bWxucz0iaHR0cDovL3d3dy53My5vcmcvMjAwMC9zdmciPjwvc3ZnPg==\" style=\"--smush-placeholder-width: 300px; --smush-placeholder-aspect-ratio: 300\/300;\" \/><\/div>\n\t\t\t\t\t<div class=\"wc-block-grid__product-title\">De Torturador a Superh\u00e9roe &#8211; Cap\u00edtulo I<\/div>\n\t\t\t\t<\/a>\n\t\t\t\t<div class=\"wc-block-grid__product-price price\"><del aria-hidden=\"true\"><span class=\"woocommerce-Price-amount amount\"><span class=\"woocommerce-Price-currencySymbol\">&#036;<\/span>44.00<\/span><\/del> <span class=\"screen-reader-text\">Original price was: &#036;44.00.<\/span><ins aria-hidden=\"true\"><span class=\"woocommerce-Price-amount amount\"><span class=\"woocommerce-Price-currencySymbol\">&#036;<\/span>32.99<\/span><\/ins><span class=\"screen-reader-text\">Current price is: &#036;32.99.<\/span><\/div>\n\t\t\t\t\n\t\t\t\t<div class=\"wp-block-button wc-block-grid__product-add-to-cart\"><a href=\"\/blog\/wp-json\/wp\/v2\/posts\/725?add-to-cart=3205\" aria-label=\"Add to basket: &ldquo;De Torturador a Superh\u00e9roe - Cap\u00edtulo I&rdquo;\" data-quantity=\"1\" data-product_id=\"3205\" data-product_sku=\"deTorturadorASuperheroe1\" data-price=\"32.99\" rel=\"nofollow\" class=\"wp-block-button__link  add_to_cart_button ajax_add_to_cart\">Add to basket<\/a><\/div>\n\t\t\t<\/li><\/ul><\/div>\n\n<div data-block-name=\"woocommerce\/handpicked-products\" data-products=\"[3412]\" class=\"wc-block-grid wp-block-handpicked-products wp-block-woocommerce-handpicked-products wc-block-handpicked-products has-3-columns has-multiple-rows\"><ul class=\"wc-block-grid__products\"><li class=\"wc-block-grid__product\">\n\t\t\t\t<a href=\"https:\/\/dancingdemonart.com\/blog\/product\/de-torturador-a-superheroe-capitulo-ii\/\" class=\"wc-block-grid__product-link\">\n\t\t\t\t\t\n\t\t\t\t\t<div class=\"wc-block-grid__product-image\"><img decoding=\"async\" width=\"300\" height=\"300\" data-src=\"https:\/\/dancingdemonart.com\/blog\/wp-content\/uploads\/deTorturadorASuperheroe2-300x300.jpeg\" class=\"attachment-woocommerce_thumbnail size-woocommerce_thumbnail lazyload\" alt=\"de Torturador A Superheroe 2\" data-srcset=\"https:\/\/dancingdemonart.com\/blog\/wp-content\/uploads\/deTorturadorASuperheroe2-300x300.jpeg 300w, https:\/\/dancingdemonart.com\/blog\/wp-content\/uploads\/deTorturadorASuperheroe2-150x150.jpeg 150w, https:\/\/dancingdemonart.com\/blog\/wp-content\/uploads\/deTorturadorASuperheroe2-100x100.jpeg 100w, https:\/\/dancingdemonart.com\/blog\/wp-content\/uploads\/deTorturadorASuperheroe2-120x120.jpeg 120w\" data-sizes=\"(max-width: 300px) 100vw, 300px\" src=\"data:image\/svg+xml;base64,PHN2ZyB3aWR0aD0iMSIgaGVpZ2h0PSIxIiB4bWxucz0iaHR0cDovL3d3dy53My5vcmcvMjAwMC9zdmciPjwvc3ZnPg==\" style=\"--smush-placeholder-width: 300px; --smush-placeholder-aspect-ratio: 300\/300;\" \/><\/div>\n\t\t\t\t\t<div class=\"wc-block-grid__product-title\">De Torturador a Superh\u00e9roe &#8211; Cap\u00edtulo II<\/div>\n\t\t\t\t<\/a>\n\t\t\t\t<div class=\"wc-block-grid__product-price price\"><span class=\"woocommerce-Price-amount amount\"><span class=\"woocommerce-Price-currencySymbol\">&#036;<\/span>16.00<\/span><\/div>\n\t\t\t\t\n\t\t\t\t<div class=\"wp-block-button wc-block-grid__product-add-to-cart\"><a href=\"\/blog\/wp-json\/wp\/v2\/posts\/725?add-to-cart=3412\" aria-label=\"Add to basket: &ldquo;De Torturador a Superh\u00e9roe - Cap\u00edtulo II&rdquo;\" data-quantity=\"1\" data-product_id=\"3412\" data-product_sku=\"deTorturadorASuperheroe2\" data-price=\"16\" rel=\"nofollow\" class=\"wp-block-button__link  add_to_cart_button ajax_add_to_cart\">Add to basket<\/a><\/div>\n\t\t\t<\/li><\/ul><\/div>\n\n\n<p>Puede que tambi\u00e9n te interese la precuela, &#8220;Mi Primer Empleo&#8221;:<\/p>\n\n\n<div data-block-name=\"woocommerce\/handpicked-products\" data-products=\"[1172]\" class=\"wc-block-grid wp-block-handpicked-products wp-block-woocommerce-handpicked-products wc-block-handpicked-products has-3-columns has-multiple-rows\"><ul class=\"wc-block-grid__products\"><li class=\"wc-block-grid__product\">\n\t\t\t\t<a href=\"https:\/\/dancingdemonart.com\/blog\/product\/mi-primer-empleo-mini-novela-grafica-en-formato-pdf\/\" class=\"wc-block-grid__product-link\">\n\t\t\t\t\t<div class=\"wc-block-grid__product-onsale\">\n\t\t\t<span aria-hidden=\"true\">Sale<\/span>\n\t\t\t<span class=\"screen-reader-text\">Product on sale<\/span>\n\t\t<\/div>\n\t\t\t\t\t<div class=\"wc-block-grid__product-image\"><img decoding=\"async\" width=\"300\" height=\"300\" data-src=\"https:\/\/dancingdemonart.com\/blog\/wp-content\/uploads\/miPrimerEmpleoPortada-300x300.png\" class=\"attachment-woocommerce_thumbnail size-woocommerce_thumbnail lazyload\" alt=\"Mi Primer Empleo\" data-srcset=\"https:\/\/dancingdemonart.com\/blog\/wp-content\/uploads\/miPrimerEmpleoPortada-300x300.png 300w, https:\/\/dancingdemonart.com\/blog\/wp-content\/uploads\/miPrimerEmpleoPortada-100x100.png 100w, https:\/\/dancingdemonart.com\/blog\/wp-content\/uploads\/miPrimerEmpleoPortada-150x150.png 150w, https:\/\/dancingdemonart.com\/blog\/wp-content\/uploads\/miPrimerEmpleoPortada-120x120.png 120w\" data-sizes=\"(max-width: 300px) 100vw, 300px\" src=\"data:image\/svg+xml;base64,PHN2ZyB3aWR0aD0iMSIgaGVpZ2h0PSIxIiB4bWxucz0iaHR0cDovL3d3dy53My5vcmcvMjAwMC9zdmciPjwvc3ZnPg==\" style=\"--smush-placeholder-width: 300px; --smush-placeholder-aspect-ratio: 300\/300;\" \/><\/div>\n\t\t\t\t\t<div class=\"wc-block-grid__product-title\">Mi Primer Empleo &#8211; Mini novela gr\u00e1fica en formato pdf<\/div>\n\t\t\t\t<\/a>\n\t\t\t\t<div class=\"wc-block-grid__product-price price\"><del aria-hidden=\"true\"><span class=\"woocommerce-Price-amount amount\"><span class=\"woocommerce-Price-currencySymbol\">&#036;<\/span>29.00<\/span><\/del> <span class=\"screen-reader-text\">Original price was: &#036;29.00.<\/span><ins aria-hidden=\"true\"><span class=\"woocommerce-Price-amount amount\"><span class=\"woocommerce-Price-currencySymbol\">&#036;<\/span>19.99<\/span><\/ins><span class=\"screen-reader-text\">Current price is: &#036;19.99.<\/span><\/div>\n\t\t\t\t\n\t\t\t\t<div class=\"wp-block-button wc-block-grid__product-add-to-cart\"><a href=\"\/blog\/wp-json\/wp\/v2\/posts\/725?add-to-cart=1172\" aria-label=\"Add to basket: &ldquo;Mi Primer Empleo - Mini novela gr\u00e1fica en formato pdf&rdquo;\" data-quantity=\"1\" data-product_id=\"1172\" data-product_sku=\"miPrimerEmpleo\" data-price=\"19.99\" rel=\"nofollow\" class=\"wp-block-button__link  add_to_cart_button ajax_add_to_cart\">Add to basket<\/a><\/div>\n\t\t\t<\/li><\/ul><\/div>\n\n\n<p>  Tambi\u00e9n est\u00e1 disponible en las siguientes plataformas: <\/p>\n\n\n\n<ul class=\"wp-block-social-links is-layout-flex wp-block-social-links-is-layout-flex\"><li class=\"wp-social-link wp-social-link-amazon  wp-block-social-link\"><a href=\"https:\/\/www.amazon.com.mx\/dp\/B08SJ5KNX6\" class=\"wp-block-social-link-anchor\"><svg width=\"24\" height=\"24\" viewBox=\"0 0 24 24\" version=\"1.1\" xmlns=\"http:\/\/www.w3.org\/2000\/svg\" aria-hidden=\"true\" focusable=\"false\"><path d=\"M13.582,8.182C11.934,8.367,9.78,8.49,8.238,9.166c-1.781,0.769-3.03,2.337-3.03,4.644 c0,2.953,1.86,4.429,4.253,4.429c2.02,0,3.125-0.477,4.685-2.065c0.516,0.747,0.685,1.109,1.629,1.894 c0.212,0.114,0.483,0.103,0.672-0.066l0.006,0.006c0.567-0.505,1.599-1.401,2.18-1.888c0.231-0.188,0.19-0.496,0.009-0.754 c-0.52-0.718-1.072-1.303-1.072-2.634V8.305c0-1.876,0.133-3.599-1.249-4.891C15.23,2.369,13.422,2,12.04,2 C9.336,2,6.318,3.01,5.686,6.351C5.618,6.706,5.877,6.893,6.109,6.945l2.754,0.298C9.121,7.23,9.308,6.977,9.357,6.72 c0.236-1.151,1.2-1.706,2.284-1.706c0.584,0,1.249,0.215,1.595,0.738c0.398,0.584,0.346,1.384,0.346,2.061V8.182z M13.049,14.088 c-0.451,0.8-1.169,1.291-1.967,1.291c-1.09,0-1.728-0.83-1.728-2.061c0-2.42,2.171-2.86,4.227-2.86v0.615 C13.582,12.181,13.608,13.104,13.049,14.088z M20.683,19.339C18.329,21.076,14.917,22,11.979,22c-4.118,0-7.826-1.522-10.632-4.057 c-0.22-0.199-0.024-0.471,0.241-0.317c3.027,1.762,6.771,2.823,10.639,2.823c2.608,0,5.476-0.541,8.115-1.66 C20.739,18.62,21.072,19.051,20.683,19.339z M21.336,21.043c-0.194,0.163-0.379,0.076-0.293-0.139 c0.284-0.71,0.92-2.298,0.619-2.684c-0.301-0.386-1.99-0.183-2.749-0.092c-0.23,0.027-0.266-0.173-0.059-0.319 c1.348-0.946,3.555-0.673,3.811-0.356C22.925,17.773,22.599,19.986,21.336,21.043z\"><\/path><\/svg><span class=\"wp-block-social-link-label screen-reader-text\">Amazon<\/span><\/a><\/li><\/ul>\n\n\n\n<ul class=\"wp-block-social-links is-layout-flex wp-block-social-links-is-layout-flex\"><li class=\"wp-social-link wp-social-link-deviantart  wp-block-social-link\"><a href=\"https:\/\/www.deviantart.com\/dancingdemonart\/art\/Mi-Primer-Empleo-mini-novela-grafica-864334597\" class=\"wp-block-social-link-anchor\"><svg width=\"24\" height=\"24\" viewBox=\"0 0 24 24\" version=\"1.1\" xmlns=\"http:\/\/www.w3.org\/2000\/svg\" aria-hidden=\"true\" focusable=\"false\"><path d=\"M 18.19 5.636 18.19 2 18.188 2 14.553 2 14.19 2.366 12.474 5.636 11.935 6 5.81 6 5.81 10.994 9.177 10.994 9.477 11.357 5.81 18.363 5.81 22 5.811 22 9.447 22 9.81 21.634 11.526 18.364 12.065 18 18.19 18 18.19 13.006 14.823 13.006 14.523 12.641 18.19 5.636z\"><\/path><\/svg><span class=\"wp-block-social-link-label screen-reader-text\">DeviantArt<\/span><\/a><\/li><\/ul>\n","protected":false},"excerpt":{"rendered":"<p>En esta ocasi\u00f3n hablar\u00e9 de una pel\u00edcula de terror navide\u00f1o, que mezcla varias cosas y el resultado es, pues, un mejunje. La pel\u00edcula se llama, simplemente, \u201cElves\u201d. &hellip;<a href=\"https:\/\/dancingdemonart.com\/blog\/es-ar\/elfos-navidenos-diabolicos-y-nazis\/\" class=\"more-link\"><span class=\"more-button\">Continue reading<span class=\"screen-reader-text\">Elfos Navide\u00f1os Diab\u00f3licos\u2026 y Nazis<\/span><\/span><\/a><\/p>\n","protected":false},"author":1,"featured_media":715,"comment_status":"open","ping_status":"open","sticky":false,"template":"","format":"standard","meta":{"footnotes":""},"categories":[39],"tags":[220],"class_list":["post-725","post","type-post","status-publish","format-standard","has-post-thumbnail","hentry","category-terror","tag-terror-navidad"],"yoast_head":"<!-- This site is optimized with the Yoast SEO plugin v26.7 - https:\/\/yoast.com\/wordpress\/plugins\/seo\/ -->\r\n<title>Elfos Navide\u00f1os Diab\u00f3licos\u2026 y Nazis - Dancing Demon<\/title>\r\n<meta name=\"description\" content=\"En esta ocasi\u00f3n hablar\u00e9 de una pel\u00edcula de terror navide\u00f1o, que mezcla varias cosas y el resultado es, pues, un mejunje: Elves.\" \/>\r\n<meta name=\"robots\" content=\"index, follow, max-snippet:-1, max-image-preview:large, max-video-preview:-1\" \/>\r\n<link rel=\"canonical\" href=\"https:\/\/dancingdemonart.com\/blog\/es-ar\/elfos-navidenos-diabolicos-y-nazis\/\" \/>\r\n<meta property=\"og:locale\" content=\"en_GB\" \/>\r\n<meta property=\"og:type\" content=\"article\" \/>\r\n<meta property=\"og:title\" content=\"Elfos Navide\u00f1os Diab\u00f3licos\u2026 y Nazis - Dancing Demon\" \/>\r\n<meta property=\"og:description\" content=\"En esta ocasi\u00f3n hablar\u00e9 de una pel\u00edcula de terror navide\u00f1o, que mezcla varias cosas y el resultado es, pues, un mejunje: Elves.\" \/>\r\n<meta property=\"og:url\" content=\"https:\/\/dancingdemonart.com\/blog\/es-ar\/elfos-navidenos-diabolicos-y-nazis\/\" \/>\r\n<meta property=\"og:site_name\" content=\"Dancing Demon\" \/>\r\n<meta property=\"article:publisher\" content=\"https:\/\/www.facebook.com\/DancingDemonArt\" \/>\r\n<meta property=\"article:published_time\" content=\"2021-12-26T11:00:00+00:00\" \/>\r\n<meta property=\"og:image\" content=\"https:\/\/dancingdemonart.com\/blog\/wp-content\/uploads\/portadaElves.jpg\" \/>\r\n\t<meta property=\"og:image:width\" content=\"1000\" \/>\r\n\t<meta property=\"og:image:height\" content=\"1410\" \/>\r\n\t<meta property=\"og:image:type\" content=\"image\/jpeg\" \/>\r\n<meta name=\"author\" content=\"Dancing Demon\" \/>\r\n<meta name=\"twitter:card\" content=\"summary_large_image\" \/>\r\n<meta name=\"twitter:label1\" content=\"Written by\" \/>\n\t<meta name=\"twitter:data1\" content=\"Dancing Demon\" \/>\n\t<meta name=\"twitter:label2\" content=\"Estimated reading time\" \/>\n\t<meta name=\"twitter:data2\" content=\"3 minutes\" \/>\r\n<script type=\"application\/ld+json\" class=\"yoast-schema-graph\">{\"@context\":\"https:\/\/schema.org\",\"@graph\":[{\"@type\":\"Article\",\"@id\":\"https:\/\/dancingdemonart.com\/blog\/es-ar\/elfos-navidenos-diabolicos-y-nazis\/#article\",\"isPartOf\":{\"@id\":\"https:\/\/dancingdemonart.com\/blog\/es-ar\/elfos-navidenos-diabolicos-y-nazis\/\"},\"author\":{\"name\":\"Dancing Demon\",\"@id\":\"https:\/\/dancingdemonart.com\/blog\/#\/schema\/person\/3d0093396b4f09d169d373a3c33f4aaa\"},\"headline\":\"Elfos Navide\u00f1os Diab\u00f3licos\u2026 y Nazis\",\"datePublished\":\"2021-12-26T11:00:00+00:00\",\"mainEntityOfPage\":{\"@id\":\"https:\/\/dancingdemonart.com\/blog\/es-ar\/elfos-navidenos-diabolicos-y-nazis\/\"},\"wordCount\":550,\"commentCount\":0,\"publisher\":{\"@id\":\"https:\/\/dancingdemonart.com\/blog\/#organization\"},\"image\":{\"@id\":\"https:\/\/dancingdemonart.com\/blog\/es-ar\/elfos-navidenos-diabolicos-y-nazis\/#primaryimage\"},\"thumbnailUrl\":\"https:\/\/dancingdemonart.com\/blog\/wp-content\/uploads\/portadaElves.jpg\",\"keywords\":[\"Terror Navide\u00f1o\"],\"articleSection\":[\"Terror\"],\"inLanguage\":\"en-GB\",\"potentialAction\":[{\"@type\":\"CommentAction\",\"name\":\"Comment\",\"target\":[\"https:\/\/dancingdemonart.com\/blog\/es-ar\/elfos-navidenos-diabolicos-y-nazis\/#respond\"]}]},{\"@type\":\"WebPage\",\"@id\":\"https:\/\/dancingdemonart.com\/blog\/es-ar\/elfos-navidenos-diabolicos-y-nazis\/\",\"url\":\"https:\/\/dancingdemonart.com\/blog\/es-ar\/elfos-navidenos-diabolicos-y-nazis\/\",\"name\":\"Elfos Navide\u00f1os Diab\u00f3licos\u2026 y Nazis - Dancing Demon\",\"isPartOf\":{\"@id\":\"https:\/\/dancingdemonart.com\/blog\/#website\"},\"primaryImageOfPage\":{\"@id\":\"https:\/\/dancingdemonart.com\/blog\/es-ar\/elfos-navidenos-diabolicos-y-nazis\/#primaryimage\"},\"image\":{\"@id\":\"https:\/\/dancingdemonart.com\/blog\/es-ar\/elfos-navidenos-diabolicos-y-nazis\/#primaryimage\"},\"thumbnailUrl\":\"https:\/\/dancingdemonart.com\/blog\/wp-content\/uploads\/portadaElves.jpg\",\"datePublished\":\"2021-12-26T11:00:00+00:00\",\"description\":\"En esta ocasi\u00f3n hablar\u00e9 de una pel\u00edcula de terror navide\u00f1o, que mezcla varias cosas y el resultado es, pues, un mejunje: Elves.\",\"breadcrumb\":{\"@id\":\"https:\/\/dancingdemonart.com\/blog\/es-ar\/elfos-navidenos-diabolicos-y-nazis\/#breadcrumb\"},\"inLanguage\":\"en-GB\",\"potentialAction\":[{\"@type\":\"ReadAction\",\"target\":[\"https:\/\/dancingdemonart.com\/blog\/es-ar\/elfos-navidenos-diabolicos-y-nazis\/\"]}]},{\"@type\":\"ImageObject\",\"inLanguage\":\"en-GB\",\"@id\":\"https:\/\/dancingdemonart.com\/blog\/es-ar\/elfos-navidenos-diabolicos-y-nazis\/#primaryimage\",\"url\":\"https:\/\/dancingdemonart.com\/blog\/wp-content\/uploads\/portadaElves.jpg\",\"contentUrl\":\"https:\/\/dancingdemonart.com\/blog\/wp-content\/uploads\/portadaElves.jpg\",\"width\":1000,\"height\":1410,\"caption\":\"elves poster\"},{\"@type\":\"BreadcrumbList\",\"@id\":\"https:\/\/dancingdemonart.com\/blog\/es-ar\/elfos-navidenos-diabolicos-y-nazis\/#breadcrumb\",\"itemListElement\":[{\"@type\":\"ListItem\",\"position\":1,\"name\":\"Home\",\"item\":\"https:\/\/dancingdemonart.com\/blog\/\"},{\"@type\":\"ListItem\",\"position\":2,\"name\":\"Elfos Navide\u00f1os Diab\u00f3licos\u2026 y Nazis\"}]},{\"@type\":\"WebSite\",\"@id\":\"https:\/\/dancingdemonart.com\/blog\/#website\",\"url\":\"https:\/\/dancingdemonart.com\/blog\/\",\"name\":\"Dancing Demon\",\"description\":\"Blog about fantasy, horror and sci-fi\",\"publisher\":{\"@id\":\"https:\/\/dancingdemonart.com\/blog\/#organization\"},\"potentialAction\":[{\"@type\":\"SearchAction\",\"target\":{\"@type\":\"EntryPoint\",\"urlTemplate\":\"https:\/\/dancingdemonart.com\/blog\/?s={search_term_string}\"},\"query-input\":{\"@type\":\"PropertyValueSpecification\",\"valueRequired\":true,\"valueName\":\"search_term_string\"}}],\"inLanguage\":\"en-GB\"},{\"@type\":\"Organization\",\"@id\":\"https:\/\/dancingdemonart.com\/blog\/#organization\",\"name\":\"Dancing Demon\",\"url\":\"https:\/\/dancingdemonart.com\/blog\/\",\"logo\":{\"@type\":\"ImageObject\",\"inLanguage\":\"en-GB\",\"@id\":\"https:\/\/dancingdemonart.com\/blog\/#\/schema\/logo\/image\/\",\"url\":\"https:\/\/dancingdemonart.com\/blog\/wp-content\/uploads\/logo2.png\",\"contentUrl\":\"https:\/\/dancingdemonart.com\/blog\/wp-content\/uploads\/logo2.png\",\"width\":51,\"height\":51,\"caption\":\"Dancing Demon\"},\"image\":{\"@id\":\"https:\/\/dancingdemonart.com\/blog\/#\/schema\/logo\/image\/\"},\"sameAs\":[\"https:\/\/www.facebook.com\/DancingDemonArt\"]},{\"@type\":\"Person\",\"@id\":\"https:\/\/dancingdemonart.com\/blog\/#\/schema\/person\/3d0093396b4f09d169d373a3c33f4aaa\",\"name\":\"Dancing Demon\",\"image\":{\"@type\":\"ImageObject\",\"inLanguage\":\"en-GB\",\"@id\":\"https:\/\/dancingdemonart.com\/blog\/#\/schema\/person\/image\/\",\"url\":\"https:\/\/secure.gravatar.com\/avatar\/ca021b1b118a814f84e70eb57cbd645671b2783206ac6ea7ee49eade82274b48?s=96&d=monsterid&r=g\",\"contentUrl\":\"https:\/\/secure.gravatar.com\/avatar\/ca021b1b118a814f84e70eb57cbd645671b2783206ac6ea7ee49eade82274b48?s=96&d=monsterid&r=g\",\"caption\":\"Dancing Demon\"},\"sameAs\":[\"https:\/\/dancingdemonart.com\/blog\"],\"url\":\"https:\/\/dancingdemonart.com\/blog\/author\/mauricioroth\/\"}]}<\/script>\r\n<!-- \/ Yoast SEO plugin. -->","yoast_head_json":{"title":"Elfos Navide\u00f1os Diab\u00f3licos\u2026 y Nazis - Dancing Demon","description":"En esta ocasi\u00f3n hablar\u00e9 de una pel\u00edcula de terror navide\u00f1o, que mezcla varias cosas y el resultado es, pues, un mejunje: Elves.","robots":{"index":"index","follow":"follow","max-snippet":"max-snippet:-1","max-image-preview":"max-image-preview:large","max-video-preview":"max-video-preview:-1"},"canonical":"https:\/\/dancingdemonart.com\/blog\/es-ar\/elfos-navidenos-diabolicos-y-nazis\/","og_locale":"en_GB","og_type":"article","og_title":"Elfos Navide\u00f1os Diab\u00f3licos\u2026 y Nazis - Dancing Demon","og_description":"En esta ocasi\u00f3n hablar\u00e9 de una pel\u00edcula de terror navide\u00f1o, que mezcla varias cosas y el resultado es, pues, un mejunje: Elves.","og_url":"https:\/\/dancingdemonart.com\/blog\/es-ar\/elfos-navidenos-diabolicos-y-nazis\/","og_site_name":"Dancing Demon","article_publisher":"https:\/\/www.facebook.com\/DancingDemonArt","article_published_time":"2021-12-26T11:00:00+00:00","og_image":[{"width":1000,"height":1410,"url":"https:\/\/dancingdemonart.com\/blog\/wp-content\/uploads\/portadaElves.jpg","type":"image\/jpeg"}],"author":"Dancing Demon","twitter_card":"summary_large_image","twitter_misc":{"Written by":"Dancing Demon","Estimated reading time":"3 minutes"},"schema":{"@context":"https:\/\/schema.org","@graph":[{"@type":"Article","@id":"https:\/\/dancingdemonart.com\/blog\/es-ar\/elfos-navidenos-diabolicos-y-nazis\/#article","isPartOf":{"@id":"https:\/\/dancingdemonart.com\/blog\/es-ar\/elfos-navidenos-diabolicos-y-nazis\/"},"author":{"name":"Dancing Demon","@id":"https:\/\/dancingdemonart.com\/blog\/#\/schema\/person\/3d0093396b4f09d169d373a3c33f4aaa"},"headline":"Elfos Navide\u00f1os Diab\u00f3licos\u2026 y Nazis","datePublished":"2021-12-26T11:00:00+00:00","mainEntityOfPage":{"@id":"https:\/\/dancingdemonart.com\/blog\/es-ar\/elfos-navidenos-diabolicos-y-nazis\/"},"wordCount":550,"commentCount":0,"publisher":{"@id":"https:\/\/dancingdemonart.com\/blog\/#organization"},"image":{"@id":"https:\/\/dancingdemonart.com\/blog\/es-ar\/elfos-navidenos-diabolicos-y-nazis\/#primaryimage"},"thumbnailUrl":"https:\/\/dancingdemonart.com\/blog\/wp-content\/uploads\/portadaElves.jpg","keywords":["Terror Navide\u00f1o"],"articleSection":["Terror"],"inLanguage":"en-GB","potentialAction":[{"@type":"CommentAction","name":"Comment","target":["https:\/\/dancingdemonart.com\/blog\/es-ar\/elfos-navidenos-diabolicos-y-nazis\/#respond"]}]},{"@type":"WebPage","@id":"https:\/\/dancingdemonart.com\/blog\/es-ar\/elfos-navidenos-diabolicos-y-nazis\/","url":"https:\/\/dancingdemonart.com\/blog\/es-ar\/elfos-navidenos-diabolicos-y-nazis\/","name":"Elfos Navide\u00f1os Diab\u00f3licos\u2026 y Nazis - Dancing Demon","isPartOf":{"@id":"https:\/\/dancingdemonart.com\/blog\/#website"},"primaryImageOfPage":{"@id":"https:\/\/dancingdemonart.com\/blog\/es-ar\/elfos-navidenos-diabolicos-y-nazis\/#primaryimage"},"image":{"@id":"https:\/\/dancingdemonart.com\/blog\/es-ar\/elfos-navidenos-diabolicos-y-nazis\/#primaryimage"},"thumbnailUrl":"https:\/\/dancingdemonart.com\/blog\/wp-content\/uploads\/portadaElves.jpg","datePublished":"2021-12-26T11:00:00+00:00","description":"En esta ocasi\u00f3n hablar\u00e9 de una pel\u00edcula de terror navide\u00f1o, que mezcla varias cosas y el resultado es, pues, un mejunje: Elves.","breadcrumb":{"@id":"https:\/\/dancingdemonart.com\/blog\/es-ar\/elfos-navidenos-diabolicos-y-nazis\/#breadcrumb"},"inLanguage":"en-GB","potentialAction":[{"@type":"ReadAction","target":["https:\/\/dancingdemonart.com\/blog\/es-ar\/elfos-navidenos-diabolicos-y-nazis\/"]}]},{"@type":"ImageObject","inLanguage":"en-GB","@id":"https:\/\/dancingdemonart.com\/blog\/es-ar\/elfos-navidenos-diabolicos-y-nazis\/#primaryimage","url":"https:\/\/dancingdemonart.com\/blog\/wp-content\/uploads\/portadaElves.jpg","contentUrl":"https:\/\/dancingdemonart.com\/blog\/wp-content\/uploads\/portadaElves.jpg","width":1000,"height":1410,"caption":"elves poster"},{"@type":"BreadcrumbList","@id":"https:\/\/dancingdemonart.com\/blog\/es-ar\/elfos-navidenos-diabolicos-y-nazis\/#breadcrumb","itemListElement":[{"@type":"ListItem","position":1,"name":"Home","item":"https:\/\/dancingdemonart.com\/blog\/"},{"@type":"ListItem","position":2,"name":"Elfos Navide\u00f1os Diab\u00f3licos\u2026 y Nazis"}]},{"@type":"WebSite","@id":"https:\/\/dancingdemonart.com\/blog\/#website","url":"https:\/\/dancingdemonart.com\/blog\/","name":"Dancing Demon","description":"Blog about fantasy, horror and sci-fi","publisher":{"@id":"https:\/\/dancingdemonart.com\/blog\/#organization"},"potentialAction":[{"@type":"SearchAction","target":{"@type":"EntryPoint","urlTemplate":"https:\/\/dancingdemonart.com\/blog\/?s={search_term_string}"},"query-input":{"@type":"PropertyValueSpecification","valueRequired":true,"valueName":"search_term_string"}}],"inLanguage":"en-GB"},{"@type":"Organization","@id":"https:\/\/dancingdemonart.com\/blog\/#organization","name":"Dancing Demon","url":"https:\/\/dancingdemonart.com\/blog\/","logo":{"@type":"ImageObject","inLanguage":"en-GB","@id":"https:\/\/dancingdemonart.com\/blog\/#\/schema\/logo\/image\/","url":"https:\/\/dancingdemonart.com\/blog\/wp-content\/uploads\/logo2.png","contentUrl":"https:\/\/dancingdemonart.com\/blog\/wp-content\/uploads\/logo2.png","width":51,"height":51,"caption":"Dancing Demon"},"image":{"@id":"https:\/\/dancingdemonart.com\/blog\/#\/schema\/logo\/image\/"},"sameAs":["https:\/\/www.facebook.com\/DancingDemonArt"]},{"@type":"Person","@id":"https:\/\/dancingdemonart.com\/blog\/#\/schema\/person\/3d0093396b4f09d169d373a3c33f4aaa","name":"Dancing Demon","image":{"@type":"ImageObject","inLanguage":"en-GB","@id":"https:\/\/dancingdemonart.com\/blog\/#\/schema\/person\/image\/","url":"https:\/\/secure.gravatar.com\/avatar\/ca021b1b118a814f84e70eb57cbd645671b2783206ac6ea7ee49eade82274b48?s=96&d=monsterid&r=g","contentUrl":"https:\/\/secure.gravatar.com\/avatar\/ca021b1b118a814f84e70eb57cbd645671b2783206ac6ea7ee49eade82274b48?s=96&d=monsterid&r=g","caption":"Dancing Demon"},"sameAs":["https:\/\/dancingdemonart.com\/blog"],"url":"https:\/\/dancingdemonart.com\/blog\/author\/mauricioroth\/"}]}},"_links":{"self":[{"href":"https:\/\/dancingdemonart.com\/blog\/wp-json\/wp\/v2\/posts\/725","targetHints":{"allow":["GET"]}}],"collection":[{"href":"https:\/\/dancingdemonart.com\/blog\/wp-json\/wp\/v2\/posts"}],"about":[{"href":"https:\/\/dancingdemonart.com\/blog\/wp-json\/wp\/v2\/types\/post"}],"author":[{"embeddable":true,"href":"https:\/\/dancingdemonart.com\/blog\/wp-json\/wp\/v2\/users\/1"}],"replies":[{"embeddable":true,"href":"https:\/\/dancingdemonart.com\/blog\/wp-json\/wp\/v2\/comments?post=725"}],"version-history":[{"count":2,"href":"https:\/\/dancingdemonart.com\/blog\/wp-json\/wp\/v2\/posts\/725\/revisions"}],"predecessor-version":[{"id":729,"href":"https:\/\/dancingdemonart.com\/blog\/wp-json\/wp\/v2\/posts\/725\/revisions\/729"}],"wp:featuredmedia":[{"embeddable":true,"href":"https:\/\/dancingdemonart.com\/blog\/wp-json\/wp\/v2\/media\/715"}],"wp:attachment":[{"href":"https:\/\/dancingdemonart.com\/blog\/wp-json\/wp\/v2\/media?parent=725"}],"wp:term":[{"taxonomy":"category","embeddable":true,"href":"https:\/\/dancingdemonart.com\/blog\/wp-json\/wp\/v2\/categories?post=725"},{"taxonomy":"post_tag","embeddable":true,"href":"https:\/\/dancingdemonart.com\/blog\/wp-json\/wp\/v2\/tags?post=725"}],"curies":[{"name":"wp","href":"https:\/\/api.w.org\/{rel}","templated":true}]}}