{"id":2801,"date":"2024-03-10T08:00:00","date_gmt":"2024-03-10T11:00:00","guid":{"rendered":"https:\/\/dancingdemonart.com\/blog\/?p=2801"},"modified":"2023-10-17T13:20:37","modified_gmt":"2023-10-17T16:20:37","slug":"eramos-pocos-y-el-vampiro-pario-diablitos","status":"publish","type":"post","link":"https:\/\/dancingdemonart.com\/blog\/es-ar\/eramos-pocos-y-el-vampiro-pario-diablitos\/","title":{"rendered":"\u00c9ramos pocos y el vampiro pari\u00f3 diablitos"},"content":{"rendered":"\n<h1 class=\"wp-block-heading\">\u00c9ramos pocos y el vampiro pari\u00f3 diablitos<\/h1>\n\n\n\n<p>En esta ocasi\u00f3n hablar\u00e9 de una saga de vampiros, con algunas caracter\u00edsticas que me parecieron muy originales.<\/p>\n\n\n\n<p>La pel\u00edcula se film\u00f3 en 1991.<\/p>\n\n\n\n<h2 class=\"wp-block-heading\">Trasfondo<\/h2>\n\n\n\n<p>El pueblo de transilvania viv\u00eda aterrorizado por los vampiros, hasta que un d\u00eda, un campesino viaj\u00f3 hasta el Vaticano y rob\u00f3 la piedra de sangre: Una piedra que contiene la sangre de todos los santos. Este h\u00e9roe regres\u00f3 a su tierra e hizo un pacto con el rey de los vampiros: La piedra de sangre le dar\u00eda sustento y poder y, a cambio, dejar\u00eda de alimentarse de los humanos.<\/p>\n\n\n\n<p>El pacto funcion\u00f3 durante mucho tiempo, pero el rey tuvo una relaci\u00f3n con una bruja y de esa uni\u00f3n nacer\u00eda Radu: su hijo perverso.<\/p>\n\n\n\n<h3 class=\"wp-block-heading\">El vampiro bueno<\/h3>\n\n\n\n<p>Tiempo despu\u00e9s, el rey se enamorar\u00eda de una mujer mortal y tendr\u00edan un hijo mitad vampiro, mitad humano: Stefan, quien vive de la misma forma que su padre, aliment\u00e1ndose de la piedra de sangre.<\/p>\n\n\n\n<p>Adem\u00e1s de poseer los poderes t\u00edpicos de un vampiro, como volar, teletransportarse y ser pr\u00e1cticamente invulnerable, Radu puede crear peque\u00f1os diablillos con su sangre. Estas criaturas le sirven fielmente, generalmente, ayud\u00e1ndole a robar la piedra de sangre. Estos diablillos, definitivamente, se roban el espect\u00e1culo.<\/p>\n\n\n\n<figure class=\"wp-block-image size-full\"><img decoding=\"async\" width=\"600\" height=\"338\" data-src=\"https:\/\/dancingdemonart.com\/blog\/wp-content\/uploads\/subespeciesDiablillos.jpg\" alt=\"Diablillos\" class=\"wp-image-2798 lazyload\" data-srcset=\"https:\/\/dancingdemonart.com\/blog\/wp-content\/uploads\/\/subespeciesDiablillos.jpg 600w, https:\/\/dancingdemonart.com\/blog\/wp-content\/uploads\/\/subespeciesDiablillos-300x169.jpg 300w, https:\/\/dancingdemonart.com\/blog\/wp-content\/uploads\/\/subespeciesDiablillos-400x225.jpg 400w\" data-sizes=\"(max-width: 600px) 100vw, 600px\" src=\"data:image\/svg+xml;base64,PHN2ZyB3aWR0aD0iMSIgaGVpZ2h0PSIxIiB4bWxucz0iaHR0cDovL3d3dy53My5vcmcvMjAwMC9zdmciPjwvc3ZnPg==\" style=\"--smush-placeholder-width: 600px; --smush-placeholder-aspect-ratio: 600\/338;\" \/><figcaption>Diablillos<\/figcaption><\/figure>\n\n\n\n<div style=\"background-color:red;width:100%; padding: 10px;\">Antes de continuar, spoiler alert: Si est\u00e1s pensando en ver la pel\u00edcula, deber\u00edas dejar de leer ahora.<\/div>\n\n\n\n<h2 class=\"wp-block-heading\">Argumento<\/h2>\n\n\n\n<p>La historia comienza cuando Radu regresa al castillo de su padre, para reclamar la piedra de sangre. Pero para Radu, la piedra de sangre ser\u00eda adictiva y le dar\u00eda demasiado poder. Por esta raz\u00f3n, el rey se niega y Radu lo mata mientras dice \u201cPerd\u00f3name, padre\u201d una frase que se volver\u00eda com\u00fan en este personaje. En la saga tambi\u00e9n abundan palabras poco frecuentes como desecrate, master, etc.<\/p>\n\n\n\n<p>Al mismo tiempo, tres estudiantes, Mara, Michelle y Lilliam viajan a Transilvania para estudiar su folclore. All\u00ed conocen a Stefan y nace una historia de amor entre \u00e9l y Michelle. Pero Radu, en un intento por herir a su hermano, convierte a Mara y Liliam en vampiros. As\u00ed que la pareja se da a la tarea de salvar a las dos chicas.<\/p>\n\n\n\n<h3 class=\"wp-block-heading\">La secuela<\/h3>\n\n\n\n<figure class=\"wp-block-image size-full\"><img decoding=\"async\" width=\"284\" height=\"177\" data-src=\"https:\/\/dancingdemonart.com\/blog\/wp-content\/uploads\/raduYBruja.jpg\" alt=\"Radu y la bruja\" class=\"wp-image-2792 lazyload\" src=\"data:image\/svg+xml;base64,PHN2ZyB3aWR0aD0iMSIgaGVpZ2h0PSIxIiB4bWxucz0iaHR0cDovL3d3dy53My5vcmcvMjAwMC9zdmciPjwvc3ZnPg==\" style=\"--smush-placeholder-width: 284px; --smush-placeholder-aspect-ratio: 284\/177;\" \/><figcaption>Radu y la bruja<\/figcaption><\/figure>\n\n\n\n<p>En la segunda parte, del a\u00f1o 1993, los diablillos ayudan a Radu a recuperarse de sus heridas. Entonces mata a Stefan para quitarle la piedra de sangre, pero en ese momento est\u00e1 amaneciendo y debe retirarse a descansar. Radu planea apoderarse de la piedra cuando anochezca. Pero Michelle despierta primero y huye con la piedra y, desde la seguridad de un hotel en Bucarest, llama por tel\u00e9fono a su hermana Becky, quien promete tomar el primer vuelo para ir a buscarla.<\/p>\n\n\n\n<p>Pero las mucamas del hotel encuentran a Michelle durante el d\u00eda y llaman a la polic\u00eda, porque creen que ha muerto. Michelle escapa y se mantiene oculta, mientras su hermana la busca.<\/p>\n\n\n\n<p>Mientras tanto, Radu acude a su madre, quien ahora es una momia encerrada en una cripta de un cementerio de Bucarest. Su madre le exige que mate a Michelle, pero Radu planea conservarla para su diversi\u00f3n.<\/p>\n\n\n\n<figure class=\"wp-block-image size-full\"><img decoding=\"async\" width=\"438\" height=\"646\" data-src=\"https:\/\/dancingdemonart.com\/blog\/wp-content\/uploads\/subespecies2.jpg\" alt=\"subespecies II\" class=\"wp-image-2794 lazyload\" data-srcset=\"https:\/\/dancingdemonart.com\/blog\/wp-content\/uploads\/\/subespecies2.jpg 438w, https:\/\/dancingdemonart.com\/blog\/wp-content\/uploads\/\/subespecies2-203x300.jpg 203w, https:\/\/dancingdemonart.com\/blog\/wp-content\/uploads\/\/subespecies2-420x620.jpg 420w, https:\/\/dancingdemonart.com\/blog\/wp-content\/uploads\/\/subespecies2-305x450.jpg 305w\" data-sizes=\"(max-width: 438px) 100vw, 438px\" src=\"data:image\/svg+xml;base64,PHN2ZyB3aWR0aD0iMSIgaGVpZ2h0PSIxIiB4bWxucz0iaHR0cDovL3d3dy53My5vcmcvMjAwMC9zdmciPjwvc3ZnPg==\" style=\"--smush-placeholder-width: 438px; --smush-placeholder-aspect-ratio: 438\/646;\" \/><figcaption>subespecies II<\/figcaption><\/figure>\n\n\n\n<h4 class=\"wp-block-heading\">Buscando a Michelle<\/h4>\n\n\n\n<p>Becky se reencuentra con Michelle y le entrega la piedra. Michelle usa la piedra para alimentarse, pero se niega a volver con Becky.<\/p>\n\n\n\n<p>Becky comienza a investigar, con la ayuda del detective local, Marin, un apuesto empleado de la embajada de Estados Unidos y un viejo profesor especializado en la historia de Rumania.<\/p>\n\n\n\n<p>Eventualmente, Radu consigue la piedra y se lleva tambi\u00e9n a Michelle. Becky intentar\u00e1 salvarla, meti\u00e9ndose a la cripta donde Radu y su madre duermen durante el d\u00eda.<\/p>\n\n\n\n<h3 class=\"wp-block-heading\">Subespecies III<\/h3>\n\n\n\n<p>En 1994 lleg\u00f3 la tercera parte. Si bien en la entrega anterior Becky logra vencer a Radu, su madre regresa para tomar a Michelle prisionera. Los tres escapan de la cripta ante la mirada at\u00f3nita de Becky, el chico de la embajada y el detective Marin.<\/p>\n\n\n\n<p>Los tres h\u00e9roes se dirigen al castillo donde mora la familia vamp\u00edrica y, esta vez, consiguen el apoyo de un mercenario. Mientras tanto, Michelle intenta convencer a Radu de iniciarla en los misterios del poder vamp\u00edrico, pero su amo le exige paciencia y s\u00f3lo le ense\u00f1a lo b\u00e1sico. Por otro lado, las tensiones entre Michelle y la madre de Radu aumentan, creando fricci\u00f3n entre la madre y el mismo Radu.<\/p>\n\n\n\n<figure class=\"wp-block-image size-full\"><img decoding=\"async\" width=\"480\" height=\"360\" data-src=\"https:\/\/dancingdemonart.com\/blog\/wp-content\/uploads\/subespecies1.jpg\" alt=\"subespecies\" class=\"wp-image-2793 lazyload\" data-srcset=\"https:\/\/dancingdemonart.com\/blog\/wp-content\/uploads\/\/subespecies1.jpg 480w, https:\/\/dancingdemonart.com\/blog\/wp-content\/uploads\/\/subespecies1-300x225.jpg 300w, https:\/\/dancingdemonart.com\/blog\/wp-content\/uploads\/\/subespecies1-400x300.jpg 400w\" data-sizes=\"(max-width: 480px) 100vw, 480px\" src=\"data:image\/svg+xml;base64,PHN2ZyB3aWR0aD0iMSIgaGVpZ2h0PSIxIiB4bWxucz0iaHR0cDovL3d3dy53My5vcmcvMjAwMC9zdmciPjwvc3ZnPg==\" style=\"--smush-placeholder-width: 480px; --smush-placeholder-aspect-ratio: 480\/360;\" \/><figcaption>subespecies<\/figcaption><\/figure>\n\n\n\n<h3 class=\"wp-block-heading\">Subespecies IV<\/h3>\n\n\n\n<p>La cuarta se hizo esperar hasta 1998. Nuevamente, los diablillos salvan a Radu de la muerte, dej\u00e1ndole la piedra de sangre cerca para que pueda recuperarse de sus heridas. Becky logra rescatar a Michelle, pero muere en un accidente de tr\u00e1nsito mientras se la llevaba. Una doctora encuentra a Michelle y se la lleva a un hospital, para que un sospechoso colega la revise.<\/p>\n\n\n\n<p>Este m\u00e9dico promete ayudar a Michelle, para que pueda andar durante el d\u00eda, pero pronto se descubre que tiene su propia agenda.<\/p>\n\n\n\n<p>Mientras tanto, Radu solicita refugio a uno de sus v\u00e1stagos, quien vive acompa\u00f1ado de otra vampira que es a su vez su v\u00e1stago. Esta vampira incita una conspiraci\u00f3n en contra de Radu.<\/p>\n\n\n\n<h3 class=\"wp-block-heading\">Subespecies V<\/h3>\n\n\n\n<figure class=\"wp-block-image size-full\"><img decoding=\"async\" width=\"740\" height=\"987\" data-src=\"https:\/\/dancingdemonart.com\/blog\/wp-content\/uploads\/Subspecies5.jpg\" alt=\"Subespecies V\" class=\"wp-image-2799 lazyload\" data-srcset=\"https:\/\/dancingdemonart.com\/blog\/wp-content\/uploads\/\/Subspecies5.jpg 740w, https:\/\/dancingdemonart.com\/blog\/wp-content\/uploads\/\/Subspecies5-225x300.jpg 225w, https:\/\/dancingdemonart.com\/blog\/wp-content\/uploads\/\/Subspecies5-465x620.jpg 465w, https:\/\/dancingdemonart.com\/blog\/wp-content\/uploads\/\/Subspecies5-487x650.jpg 487w, https:\/\/dancingdemonart.com\/blog\/wp-content\/uploads\/\/Subspecies5-337x450.jpg 337w, https:\/\/dancingdemonart.com\/blog\/wp-content\/uploads\/\/Subspecies5-600x800.jpg 600w\" data-sizes=\"(max-width: 740px) 100vw, 740px\" src=\"data:image\/svg+xml;base64,PHN2ZyB3aWR0aD0iMSIgaGVpZ2h0PSIxIiB4bWxucz0iaHR0cDovL3d3dy53My5vcmcvMjAwMC9zdmciPjwvc3ZnPg==\" style=\"--smush-placeholder-width: 740px; --smush-placeholder-aspect-ratio: 740\/987;\" \/><figcaption>Subespecies V<\/figcaption><\/figure>\n\n\n\n<p>Esta precuela, estrenada en 2023, nos cuenta la historia de c\u00f3mo Radu se corrompe, y corrompe a otros en el camino, hasta convertirse en el monstruo que vimos en las primeras entregas. Esta entrega est\u00e1 bien, pero se extra\u00f1an los diablillos.<\/p>\n\n\n\n<h2 class=\"wp-block-heading\">Aqu\u00ed el trailer de la primera<\/h2>\n\n\n\n<figure class=\"wp-block-embed is-type-video is-provider-youtube wp-block-embed-youtube wp-embed-aspect-16-9 wp-has-aspect-ratio\"><div class=\"wp-block-embed__wrapper\">\n<iframe title=\"SUBSPECIES (1991) HD Trailer\" width=\"1230\" height=\"692\" data-src=\"https:\/\/www.youtube.com\/embed\/k-hjON6wP-M?feature=oembed\" frameborder=\"0\" allow=\"accelerometer; autoplay; clipboard-write; encrypted-media; gyroscope; picture-in-picture; web-share\" allowfullscreen src=\"data:image\/svg+xml;base64,PHN2ZyB3aWR0aD0iMSIgaGVpZ2h0PSIxIiB4bWxucz0iaHR0cDovL3d3dy53My5vcmcvMjAwMC9zdmciPjwvc3ZnPg==\" class=\"lazyload\" data-load-mode=\"1\"><\/iframe>\n<\/div><\/figure>\n\n\n\n<h2 class=\"wp-block-heading\">Adaptaciones<\/h2>\n\n\n\n<p>Se ha hecho un videojuego llamado Horror Legends &#8211; Subespecies, disponible en <a href=\"https:\/\/store.steampowered.com\/app\/1762980\/Horror_Legends__Subspecies\/?l=spanish\" target=\"_blank\" rel=\"noreferrer noopener nofollow\">Steam<\/a>.<\/p>\n\n\n\n<p>Eternity Comics lanz\u00f3 un c\u00f3mic de cuatro n\u00fameros llamado Creatures of the Night &#8211; Subespecies<\/p>\n\n\n\n<h2 class=\"wp-block-heading\">Bibliograf\u00eda<\/h2>\n\n\n\n<p><a href=\"https:\/\/en.wikipedia.org\/wiki\/Subspecies_(film_series)\" target=\"_blank\" rel=\"noreferrer noopener nofollow\">https:\/\/en.wikipedia.org\/wiki\/Subspecies_(film_series)<\/a><\/p>\n\n\n\n<hr class=\"wp-block-separator has-text-color has-vivid-green-cyan-color has-css-opacity has-vivid-green-cyan-background-color has-background is-style-wide\"\/>\n\n\n\n<p>Mi nuevo c\u00f3mic &#8220;De Torturador a Superh\u00e9roe&#8221;, ya est\u00e1 disponible en mi tienda virtual. \u00a1Aprovecha la promoci\u00f3n!<\/p>\n\n\n<div data-block-name=\"woocommerce\/handpicked-products\" data-products=\"[3205]\" class=\"wc-block-grid wp-block-handpicked-products wp-block-woocommerce-handpicked-products wc-block-handpicked-products has-3-columns has-multiple-rows\"><ul class=\"wc-block-grid__products\"><li class=\"wc-block-grid__product\">\n\t\t\t\t<a href=\"https:\/\/dancingdemonart.com\/blog\/product\/torturador-superheroe-capitulo-1\/\" class=\"wc-block-grid__product-link\">\n\t\t\t\t\t<div class=\"wc-block-grid__product-onsale\">\n\t\t\t<span aria-hidden=\"true\">Sale<\/span>\n\t\t\t<span class=\"screen-reader-text\">Product on sale<\/span>\n\t\t<\/div>\n\t\t\t\t\t<div class=\"wc-block-grid__product-image\"><img decoding=\"async\" width=\"300\" height=\"300\" data-src=\"https:\/\/dancingdemonart.com\/blog\/wp-content\/uploads\/deTorturadorASuperheroe1-300x300.jpeg\" class=\"attachment-woocommerce_thumbnail size-woocommerce_thumbnail lazyload\" alt=\"De Torturador a Superh\u00e9roe - Cap\u00edtulo 1 - Portada\" data-srcset=\"https:\/\/dancingdemonart.com\/blog\/wp-content\/uploads\/\/deTorturadorASuperheroe1-300x300.jpeg 300w, https:\/\/dancingdemonart.com\/blog\/wp-content\/uploads\/\/deTorturadorASuperheroe1-150x150.jpeg 150w, https:\/\/dancingdemonart.com\/blog\/wp-content\/uploads\/\/deTorturadorASuperheroe1-100x100.jpeg 100w, https:\/\/dancingdemonart.com\/blog\/wp-content\/uploads\/\/deTorturadorASuperheroe1-120x120.jpeg 120w\" data-sizes=\"(max-width: 300px) 100vw, 300px\" src=\"data:image\/svg+xml;base64,PHN2ZyB3aWR0aD0iMSIgaGVpZ2h0PSIxIiB4bWxucz0iaHR0cDovL3d3dy53My5vcmcvMjAwMC9zdmciPjwvc3ZnPg==\" style=\"--smush-placeholder-width: 300px; --smush-placeholder-aspect-ratio: 300\/300;\" \/><\/div>\n\t\t\t\t\t<div class=\"wc-block-grid__product-title\">De Torturador a Superh\u00e9roe &#8211; Cap\u00edtulo I<\/div>\n\t\t\t\t<\/a>\n\t\t\t\t<div class=\"wc-block-grid__product-price price\"><del aria-hidden=\"true\"><span class=\"woocommerce-Price-amount amount\"><span class=\"woocommerce-Price-currencySymbol\">&#036;<\/span>44.00<\/span><\/del> <span class=\"screen-reader-text\">Original price was: &#036;44.00.<\/span><ins aria-hidden=\"true\"><span class=\"woocommerce-Price-amount amount\"><span class=\"woocommerce-Price-currencySymbol\">&#036;<\/span>32.99<\/span><\/ins><span class=\"screen-reader-text\">Current price is: &#036;32.99.<\/span><\/div>\n\t\t\t\t\n\t\t\t\t<div class=\"wp-block-button wc-block-grid__product-add-to-cart\"><a href=\"\/blog\/wp-json\/wp\/v2\/posts\/2801?add-to-cart=3205\" aria-label=\"Add to basket: &ldquo;De Torturador a Superh\u00e9roe - Cap\u00edtulo I&rdquo;\" data-quantity=\"1\" data-product_id=\"3205\" data-product_sku=\"deTorturadorASuperheroe1\" data-price=\"32.99\" rel=\"nofollow\" class=\"wp-block-button__link  add_to_cart_button ajax_add_to_cart\">Add to basket<\/a><\/div>\n\t\t\t<\/li><\/ul><\/div>\n\n<div data-block-name=\"woocommerce\/handpicked-products\" data-products=\"[3412]\" class=\"wc-block-grid wp-block-handpicked-products wp-block-woocommerce-handpicked-products wc-block-handpicked-products has-3-columns has-multiple-rows\"><ul class=\"wc-block-grid__products\"><li class=\"wc-block-grid__product\">\n\t\t\t\t<a href=\"https:\/\/dancingdemonart.com\/blog\/product\/de-torturador-a-superheroe-capitulo-ii\/\" class=\"wc-block-grid__product-link\">\n\t\t\t\t\t\n\t\t\t\t\t<div class=\"wc-block-grid__product-image\"><img decoding=\"async\" width=\"300\" height=\"300\" data-src=\"https:\/\/dancingdemonart.com\/blog\/wp-content\/uploads\/deTorturadorASuperheroe2-300x300.jpeg\" class=\"attachment-woocommerce_thumbnail size-woocommerce_thumbnail lazyload\" alt=\"de Torturador A Superheroe 2\" data-srcset=\"https:\/\/dancingdemonart.com\/blog\/wp-content\/uploads\/deTorturadorASuperheroe2-300x300.jpeg 300w, https:\/\/dancingdemonart.com\/blog\/wp-content\/uploads\/deTorturadorASuperheroe2-150x150.jpeg 150w, https:\/\/dancingdemonart.com\/blog\/wp-content\/uploads\/deTorturadorASuperheroe2-100x100.jpeg 100w, https:\/\/dancingdemonart.com\/blog\/wp-content\/uploads\/deTorturadorASuperheroe2-120x120.jpeg 120w\" data-sizes=\"(max-width: 300px) 100vw, 300px\" src=\"data:image\/svg+xml;base64,PHN2ZyB3aWR0aD0iMSIgaGVpZ2h0PSIxIiB4bWxucz0iaHR0cDovL3d3dy53My5vcmcvMjAwMC9zdmciPjwvc3ZnPg==\" style=\"--smush-placeholder-width: 300px; --smush-placeholder-aspect-ratio: 300\/300;\" \/><\/div>\n\t\t\t\t\t<div class=\"wc-block-grid__product-title\">De Torturador a Superh\u00e9roe &#8211; Cap\u00edtulo II<\/div>\n\t\t\t\t<\/a>\n\t\t\t\t<div class=\"wc-block-grid__product-price price\"><span class=\"woocommerce-Price-amount amount\"><span class=\"woocommerce-Price-currencySymbol\">&#036;<\/span>16.00<\/span><\/div>\n\t\t\t\t\n\t\t\t\t<div class=\"wp-block-button wc-block-grid__product-add-to-cart\"><a href=\"\/blog\/wp-json\/wp\/v2\/posts\/2801?add-to-cart=3412\" aria-label=\"Add to basket: &ldquo;De Torturador a Superh\u00e9roe - Cap\u00edtulo II&rdquo;\" data-quantity=\"1\" data-product_id=\"3412\" data-product_sku=\"deTorturadorASuperheroe2\" data-price=\"16\" rel=\"nofollow\" class=\"wp-block-button__link  add_to_cart_button ajax_add_to_cart\">Add to basket<\/a><\/div>\n\t\t\t<\/li><\/ul><\/div>\n\n\n<p>Puede que tambi\u00e9n te interese la precuela, &#8220;Mi Primer Empleo&#8221;:<\/p>\n\n\n<div data-block-name=\"woocommerce\/handpicked-products\" data-products=\"[1172]\" class=\"wc-block-grid wp-block-handpicked-products wp-block-woocommerce-handpicked-products wc-block-handpicked-products has-3-columns has-multiple-rows\"><ul class=\"wc-block-grid__products\"><li class=\"wc-block-grid__product\">\n\t\t\t\t<a href=\"https:\/\/dancingdemonart.com\/blog\/product\/mi-primer-empleo-mini-novela-grafica-en-formato-pdf\/\" class=\"wc-block-grid__product-link\">\n\t\t\t\t\t<div class=\"wc-block-grid__product-onsale\">\n\t\t\t<span aria-hidden=\"true\">Sale<\/span>\n\t\t\t<span class=\"screen-reader-text\">Product on sale<\/span>\n\t\t<\/div>\n\t\t\t\t\t<div class=\"wc-block-grid__product-image\"><img decoding=\"async\" width=\"300\" height=\"300\" data-src=\"https:\/\/dancingdemonart.com\/blog\/wp-content\/uploads\/miPrimerEmpleoPortada-300x300.png\" class=\"attachment-woocommerce_thumbnail size-woocommerce_thumbnail lazyload\" alt=\"Mi Primer Empleo\" data-srcset=\"https:\/\/dancingdemonart.com\/blog\/wp-content\/uploads\/miPrimerEmpleoPortada-300x300.png 300w, https:\/\/dancingdemonart.com\/blog\/wp-content\/uploads\/miPrimerEmpleoPortada-100x100.png 100w, https:\/\/dancingdemonart.com\/blog\/wp-content\/uploads\/miPrimerEmpleoPortada-150x150.png 150w, https:\/\/dancingdemonart.com\/blog\/wp-content\/uploads\/miPrimerEmpleoPortada-120x120.png 120w\" data-sizes=\"(max-width: 300px) 100vw, 300px\" src=\"data:image\/svg+xml;base64,PHN2ZyB3aWR0aD0iMSIgaGVpZ2h0PSIxIiB4bWxucz0iaHR0cDovL3d3dy53My5vcmcvMjAwMC9zdmciPjwvc3ZnPg==\" style=\"--smush-placeholder-width: 300px; --smush-placeholder-aspect-ratio: 300\/300;\" \/><\/div>\n\t\t\t\t\t<div class=\"wc-block-grid__product-title\">Mi Primer Empleo &#8211; Mini novela gr\u00e1fica en formato pdf<\/div>\n\t\t\t\t<\/a>\n\t\t\t\t<div class=\"wc-block-grid__product-price price\"><del aria-hidden=\"true\"><span class=\"woocommerce-Price-amount amount\"><span class=\"woocommerce-Price-currencySymbol\">&#036;<\/span>29.00<\/span><\/del> <span class=\"screen-reader-text\">Original price was: &#036;29.00.<\/span><ins aria-hidden=\"true\"><span class=\"woocommerce-Price-amount amount\"><span class=\"woocommerce-Price-currencySymbol\">&#036;<\/span>19.99<\/span><\/ins><span class=\"screen-reader-text\">Current price is: &#036;19.99.<\/span><\/div>\n\t\t\t\t\n\t\t\t\t<div class=\"wp-block-button wc-block-grid__product-add-to-cart\"><a href=\"\/blog\/wp-json\/wp\/v2\/posts\/2801?add-to-cart=1172\" aria-label=\"Add to basket: &ldquo;Mi Primer Empleo - Mini novela gr\u00e1fica en formato pdf&rdquo;\" data-quantity=\"1\" data-product_id=\"1172\" data-product_sku=\"miPrimerEmpleo\" data-price=\"19.99\" rel=\"nofollow\" class=\"wp-block-button__link  add_to_cart_button ajax_add_to_cart\">Add to basket<\/a><\/div>\n\t\t\t<\/li><\/ul><\/div>\n\n\n<p>  Tambi\u00e9n est\u00e1 disponible en las siguientes plataformas: <\/p>\n\n\n\n<ul class=\"wp-block-social-links is-layout-flex wp-block-social-links-is-layout-flex\"><li class=\"wp-social-link wp-social-link-amazon  wp-block-social-link\"><a href=\"https:\/\/www.amazon.com.mx\/dp\/B08SJ5KNX6\" class=\"wp-block-social-link-anchor\"><svg width=\"24\" height=\"24\" viewBox=\"0 0 24 24\" version=\"1.1\" xmlns=\"http:\/\/www.w3.org\/2000\/svg\" aria-hidden=\"true\" focusable=\"false\"><path d=\"M13.582,8.182C11.934,8.367,9.78,8.49,8.238,9.166c-1.781,0.769-3.03,2.337-3.03,4.644 c0,2.953,1.86,4.429,4.253,4.429c2.02,0,3.125-0.477,4.685-2.065c0.516,0.747,0.685,1.109,1.629,1.894 c0.212,0.114,0.483,0.103,0.672-0.066l0.006,0.006c0.567-0.505,1.599-1.401,2.18-1.888c0.231-0.188,0.19-0.496,0.009-0.754 c-0.52-0.718-1.072-1.303-1.072-2.634V8.305c0-1.876,0.133-3.599-1.249-4.891C15.23,2.369,13.422,2,12.04,2 C9.336,2,6.318,3.01,5.686,6.351C5.618,6.706,5.877,6.893,6.109,6.945l2.754,0.298C9.121,7.23,9.308,6.977,9.357,6.72 c0.236-1.151,1.2-1.706,2.284-1.706c0.584,0,1.249,0.215,1.595,0.738c0.398,0.584,0.346,1.384,0.346,2.061V8.182z M13.049,14.088 c-0.451,0.8-1.169,1.291-1.967,1.291c-1.09,0-1.728-0.83-1.728-2.061c0-2.42,2.171-2.86,4.227-2.86v0.615 C13.582,12.181,13.608,13.104,13.049,14.088z M20.683,19.339C18.329,21.076,14.917,22,11.979,22c-4.118,0-7.826-1.522-10.632-4.057 c-0.22-0.199-0.024-0.471,0.241-0.317c3.027,1.762,6.771,2.823,10.639,2.823c2.608,0,5.476-0.541,8.115-1.66 C20.739,18.62,21.072,19.051,20.683,19.339z M21.336,21.043c-0.194,0.163-0.379,0.076-0.293-0.139 c0.284-0.71,0.92-2.298,0.619-2.684c-0.301-0.386-1.99-0.183-2.749-0.092c-0.23,0.027-0.266-0.173-0.059-0.319 c1.348-0.946,3.555-0.673,3.811-0.356C22.925,17.773,22.599,19.986,21.336,21.043z\"><\/path><\/svg><span class=\"wp-block-social-link-label screen-reader-text\">Amazon<\/span><\/a><\/li><\/ul>\n\n\n\n<ul class=\"wp-block-social-links is-layout-flex wp-block-social-links-is-layout-flex\"><li class=\"wp-social-link wp-social-link-deviantart  wp-block-social-link\"><a href=\"https:\/\/www.deviantart.com\/dancingdemonart\/art\/Mi-Primer-Empleo-mini-novela-grafica-864334597\" class=\"wp-block-social-link-anchor\"><svg width=\"24\" height=\"24\" viewBox=\"0 0 24 24\" version=\"1.1\" xmlns=\"http:\/\/www.w3.org\/2000\/svg\" aria-hidden=\"true\" focusable=\"false\"><path d=\"M 18.19 5.636 18.19 2 18.188 2 14.553 2 14.19 2.366 12.474 5.636 11.935 6 5.81 6 5.81 10.994 9.177 10.994 9.477 11.357 5.81 18.363 5.81 22 5.811 22 9.447 22 9.81 21.634 11.526 18.364 12.065 18 18.19 18 18.19 13.006 14.823 13.006 14.523 12.641 18.19 5.636z\"><\/path><\/svg><span class=\"wp-block-social-link-label screen-reader-text\">DeviantArt<\/span><\/a><\/li><\/ul>\n","protected":false},"excerpt":{"rendered":"<p>En esta ocasi\u00f3n hablar\u00e9 de una saga de vampiros, con algunas caracter\u00edsticas que me parecieron muy originales.&hellip;<a href=\"https:\/\/dancingdemonart.com\/blog\/es-ar\/eramos-pocos-y-el-vampiro-pario-diablitos\/\" class=\"more-link\"><span class=\"more-button\">Continue reading<span class=\"screen-reader-text\">\u00c9ramos pocos y el vampiro pari\u00f3 diablitos<\/span><\/span><\/a><\/p>\n","protected":false},"author":1,"featured_media":2800,"comment_status":"open","ping_status":"open","sticky":false,"template":"","format":"standard","meta":{"footnotes":""},"categories":[39],"tags":[],"class_list":["post-2801","post","type-post","status-publish","format-standard","has-post-thumbnail","hentry","category-terror"],"yoast_head":"<!-- This site is optimized with the Yoast SEO plugin v26.7 - https:\/\/yoast.com\/wordpress\/plugins\/seo\/ -->\r\n<title>\u00c9ramos pocos y el vampiro pari\u00f3 diablitos - Dancing Demon<\/title>\r\n<meta name=\"description\" content=\"En esta ocasi\u00f3n hablar\u00e9 de una saga de vampiros, con algunas caracter\u00edsticas que me parecieron muy originales: Subespecies. \u00a1All\u00e1 vamos!\" \/>\r\n<meta name=\"robots\" content=\"index, follow, max-snippet:-1, max-image-preview:large, max-video-preview:-1\" \/>\r\n<link rel=\"canonical\" href=\"https:\/\/dancingdemonart.com\/blog\/es-ar\/eramos-pocos-y-el-vampiro-pario-diablitos\/\" \/>\r\n<meta property=\"og:locale\" content=\"en_GB\" \/>\r\n<meta property=\"og:type\" content=\"article\" \/>\r\n<meta property=\"og:title\" content=\"\u00c9ramos pocos y el vampiro pari\u00f3 diablitos - Dancing Demon\" \/>\r\n<meta property=\"og:description\" content=\"En esta ocasi\u00f3n hablar\u00e9 de una saga de vampiros, con algunas caracter\u00edsticas que me parecieron muy originales: Subespecies. \u00a1All\u00e1 vamos!\" \/>\r\n<meta property=\"og:url\" content=\"https:\/\/dancingdemonart.com\/blog\/es-ar\/eramos-pocos-y-el-vampiro-pario-diablitos\/\" \/>\r\n<meta property=\"og:site_name\" content=\"Dancing Demon\" \/>\r\n<meta property=\"article:publisher\" content=\"https:\/\/www.facebook.com\/DancingDemonArt\" \/>\r\n<meta property=\"article:published_time\" content=\"2024-03-10T11:00:00+00:00\" \/>\r\n<meta property=\"og:image\" content=\"https:\/\/dancingdemonart.com\/blog\/wp-content\/uploads\/SubspeciesPoster.jpg\" \/>\r\n\t<meta property=\"og:image:width\" content=\"284\" \/>\r\n\t<meta property=\"og:image:height\" content=\"400\" \/>\r\n\t<meta property=\"og:image:type\" content=\"image\/jpeg\" \/>\r\n<meta name=\"author\" content=\"Dancing Demon\" \/>\r\n<meta name=\"twitter:card\" content=\"summary_large_image\" \/>\r\n<meta name=\"twitter:label1\" content=\"Written by\" \/>\n\t<meta name=\"twitter:data1\" content=\"Dancing Demon\" \/>\n\t<meta name=\"twitter:label2\" content=\"Estimated reading time\" \/>\n\t<meta name=\"twitter:data2\" content=\"5 minutes\" \/>\r\n<script type=\"application\/ld+json\" class=\"yoast-schema-graph\">{\"@context\":\"https:\/\/schema.org\",\"@graph\":[{\"@type\":\"Article\",\"@id\":\"https:\/\/dancingdemonart.com\/blog\/es-ar\/eramos-pocos-y-el-vampiro-pario-diablitos\/#article\",\"isPartOf\":{\"@id\":\"https:\/\/dancingdemonart.com\/blog\/es-ar\/eramos-pocos-y-el-vampiro-pario-diablitos\/\"},\"author\":{\"name\":\"Dancing Demon\",\"@id\":\"https:\/\/dancingdemonart.com\/blog\/#\/schema\/person\/3d0093396b4f09d169d373a3c33f4aaa\"},\"headline\":\"\u00c9ramos pocos y el vampiro pari\u00f3 diablitos\",\"datePublished\":\"2024-03-10T11:00:00+00:00\",\"mainEntityOfPage\":{\"@id\":\"https:\/\/dancingdemonart.com\/blog\/es-ar\/eramos-pocos-y-el-vampiro-pario-diablitos\/\"},\"wordCount\":975,\"commentCount\":0,\"publisher\":{\"@id\":\"https:\/\/dancingdemonart.com\/blog\/#organization\"},\"image\":{\"@id\":\"https:\/\/dancingdemonart.com\/blog\/es-ar\/eramos-pocos-y-el-vampiro-pario-diablitos\/#primaryimage\"},\"thumbnailUrl\":\"https:\/\/dancingdemonart.com\/blog\/wp-content\/uploads\/SubspeciesPoster.jpg\",\"articleSection\":[\"Terror\"],\"inLanguage\":\"en-GB\",\"potentialAction\":[{\"@type\":\"CommentAction\",\"name\":\"Comment\",\"target\":[\"https:\/\/dancingdemonart.com\/blog\/es-ar\/eramos-pocos-y-el-vampiro-pario-diablitos\/#respond\"]}]},{\"@type\":\"WebPage\",\"@id\":\"https:\/\/dancingdemonart.com\/blog\/es-ar\/eramos-pocos-y-el-vampiro-pario-diablitos\/\",\"url\":\"https:\/\/dancingdemonart.com\/blog\/es-ar\/eramos-pocos-y-el-vampiro-pario-diablitos\/\",\"name\":\"\u00c9ramos pocos y el vampiro pari\u00f3 diablitos - Dancing Demon\",\"isPartOf\":{\"@id\":\"https:\/\/dancingdemonart.com\/blog\/#website\"},\"primaryImageOfPage\":{\"@id\":\"https:\/\/dancingdemonart.com\/blog\/es-ar\/eramos-pocos-y-el-vampiro-pario-diablitos\/#primaryimage\"},\"image\":{\"@id\":\"https:\/\/dancingdemonart.com\/blog\/es-ar\/eramos-pocos-y-el-vampiro-pario-diablitos\/#primaryimage\"},\"thumbnailUrl\":\"https:\/\/dancingdemonart.com\/blog\/wp-content\/uploads\/SubspeciesPoster.jpg\",\"datePublished\":\"2024-03-10T11:00:00+00:00\",\"description\":\"En esta ocasi\u00f3n hablar\u00e9 de una saga de vampiros, con algunas caracter\u00edsticas que me parecieron muy originales: Subespecies. \u00a1All\u00e1 vamos!\",\"breadcrumb\":{\"@id\":\"https:\/\/dancingdemonart.com\/blog\/es-ar\/eramos-pocos-y-el-vampiro-pario-diablitos\/#breadcrumb\"},\"inLanguage\":\"en-GB\",\"potentialAction\":[{\"@type\":\"ReadAction\",\"target\":[\"https:\/\/dancingdemonart.com\/blog\/es-ar\/eramos-pocos-y-el-vampiro-pario-diablitos\/\"]}]},{\"@type\":\"ImageObject\",\"inLanguage\":\"en-GB\",\"@id\":\"https:\/\/dancingdemonart.com\/blog\/es-ar\/eramos-pocos-y-el-vampiro-pario-diablitos\/#primaryimage\",\"url\":\"https:\/\/dancingdemonart.com\/blog\/wp-content\/uploads\/SubspeciesPoster.jpg\",\"contentUrl\":\"https:\/\/dancingdemonart.com\/blog\/wp-content\/uploads\/SubspeciesPoster.jpg\",\"width\":284,\"height\":400,\"caption\":\"Subespecies Poster\"},{\"@type\":\"BreadcrumbList\",\"@id\":\"https:\/\/dancingdemonart.com\/blog\/es-ar\/eramos-pocos-y-el-vampiro-pario-diablitos\/#breadcrumb\",\"itemListElement\":[{\"@type\":\"ListItem\",\"position\":1,\"name\":\"Home\",\"item\":\"https:\/\/dancingdemonart.com\/blog\/\"},{\"@type\":\"ListItem\",\"position\":2,\"name\":\"\u00c9ramos pocos y el vampiro pari\u00f3 diablitos\"}]},{\"@type\":\"WebSite\",\"@id\":\"https:\/\/dancingdemonart.com\/blog\/#website\",\"url\":\"https:\/\/dancingdemonart.com\/blog\/\",\"name\":\"Dancing Demon\",\"description\":\"Blog about fantasy, horror and sci-fi\",\"publisher\":{\"@id\":\"https:\/\/dancingdemonart.com\/blog\/#organization\"},\"potentialAction\":[{\"@type\":\"SearchAction\",\"target\":{\"@type\":\"EntryPoint\",\"urlTemplate\":\"https:\/\/dancingdemonart.com\/blog\/?s={search_term_string}\"},\"query-input\":{\"@type\":\"PropertyValueSpecification\",\"valueRequired\":true,\"valueName\":\"search_term_string\"}}],\"inLanguage\":\"en-GB\"},{\"@type\":\"Organization\",\"@id\":\"https:\/\/dancingdemonart.com\/blog\/#organization\",\"name\":\"Dancing Demon\",\"url\":\"https:\/\/dancingdemonart.com\/blog\/\",\"logo\":{\"@type\":\"ImageObject\",\"inLanguage\":\"en-GB\",\"@id\":\"https:\/\/dancingdemonart.com\/blog\/#\/schema\/logo\/image\/\",\"url\":\"https:\/\/dancingdemonart.com\/blog\/wp-content\/uploads\/logo2.png\",\"contentUrl\":\"https:\/\/dancingdemonart.com\/blog\/wp-content\/uploads\/logo2.png\",\"width\":51,\"height\":51,\"caption\":\"Dancing Demon\"},\"image\":{\"@id\":\"https:\/\/dancingdemonart.com\/blog\/#\/schema\/logo\/image\/\"},\"sameAs\":[\"https:\/\/www.facebook.com\/DancingDemonArt\"]},{\"@type\":\"Person\",\"@id\":\"https:\/\/dancingdemonart.com\/blog\/#\/schema\/person\/3d0093396b4f09d169d373a3c33f4aaa\",\"name\":\"Dancing Demon\",\"image\":{\"@type\":\"ImageObject\",\"inLanguage\":\"en-GB\",\"@id\":\"https:\/\/dancingdemonart.com\/blog\/#\/schema\/person\/image\/\",\"url\":\"https:\/\/secure.gravatar.com\/avatar\/ca021b1b118a814f84e70eb57cbd645671b2783206ac6ea7ee49eade82274b48?s=96&d=monsterid&r=g\",\"contentUrl\":\"https:\/\/secure.gravatar.com\/avatar\/ca021b1b118a814f84e70eb57cbd645671b2783206ac6ea7ee49eade82274b48?s=96&d=monsterid&r=g\",\"caption\":\"Dancing Demon\"},\"sameAs\":[\"https:\/\/dancingdemonart.com\/blog\"],\"url\":\"https:\/\/dancingdemonart.com\/blog\/author\/mauricioroth\/\"}]}<\/script>\r\n<!-- \/ Yoast SEO plugin. -->","yoast_head_json":{"title":"\u00c9ramos pocos y el vampiro pari\u00f3 diablitos - Dancing Demon","description":"En esta ocasi\u00f3n hablar\u00e9 de una saga de vampiros, con algunas caracter\u00edsticas que me parecieron muy originales: Subespecies. \u00a1All\u00e1 vamos!","robots":{"index":"index","follow":"follow","max-snippet":"max-snippet:-1","max-image-preview":"max-image-preview:large","max-video-preview":"max-video-preview:-1"},"canonical":"https:\/\/dancingdemonart.com\/blog\/es-ar\/eramos-pocos-y-el-vampiro-pario-diablitos\/","og_locale":"en_GB","og_type":"article","og_title":"\u00c9ramos pocos y el vampiro pari\u00f3 diablitos - Dancing Demon","og_description":"En esta ocasi\u00f3n hablar\u00e9 de una saga de vampiros, con algunas caracter\u00edsticas que me parecieron muy originales: Subespecies. \u00a1All\u00e1 vamos!","og_url":"https:\/\/dancingdemonart.com\/blog\/es-ar\/eramos-pocos-y-el-vampiro-pario-diablitos\/","og_site_name":"Dancing Demon","article_publisher":"https:\/\/www.facebook.com\/DancingDemonArt","article_published_time":"2024-03-10T11:00:00+00:00","og_image":[{"width":284,"height":400,"url":"https:\/\/dancingdemonart.com\/blog\/wp-content\/uploads\/SubspeciesPoster.jpg","type":"image\/jpeg"}],"author":"Dancing Demon","twitter_card":"summary_large_image","twitter_misc":{"Written by":"Dancing Demon","Estimated reading time":"5 minutes"},"schema":{"@context":"https:\/\/schema.org","@graph":[{"@type":"Article","@id":"https:\/\/dancingdemonart.com\/blog\/es-ar\/eramos-pocos-y-el-vampiro-pario-diablitos\/#article","isPartOf":{"@id":"https:\/\/dancingdemonart.com\/blog\/es-ar\/eramos-pocos-y-el-vampiro-pario-diablitos\/"},"author":{"name":"Dancing Demon","@id":"https:\/\/dancingdemonart.com\/blog\/#\/schema\/person\/3d0093396b4f09d169d373a3c33f4aaa"},"headline":"\u00c9ramos pocos y el vampiro pari\u00f3 diablitos","datePublished":"2024-03-10T11:00:00+00:00","mainEntityOfPage":{"@id":"https:\/\/dancingdemonart.com\/blog\/es-ar\/eramos-pocos-y-el-vampiro-pario-diablitos\/"},"wordCount":975,"commentCount":0,"publisher":{"@id":"https:\/\/dancingdemonart.com\/blog\/#organization"},"image":{"@id":"https:\/\/dancingdemonart.com\/blog\/es-ar\/eramos-pocos-y-el-vampiro-pario-diablitos\/#primaryimage"},"thumbnailUrl":"https:\/\/dancingdemonart.com\/blog\/wp-content\/uploads\/SubspeciesPoster.jpg","articleSection":["Terror"],"inLanguage":"en-GB","potentialAction":[{"@type":"CommentAction","name":"Comment","target":["https:\/\/dancingdemonart.com\/blog\/es-ar\/eramos-pocos-y-el-vampiro-pario-diablitos\/#respond"]}]},{"@type":"WebPage","@id":"https:\/\/dancingdemonart.com\/blog\/es-ar\/eramos-pocos-y-el-vampiro-pario-diablitos\/","url":"https:\/\/dancingdemonart.com\/blog\/es-ar\/eramos-pocos-y-el-vampiro-pario-diablitos\/","name":"\u00c9ramos pocos y el vampiro pari\u00f3 diablitos - Dancing Demon","isPartOf":{"@id":"https:\/\/dancingdemonart.com\/blog\/#website"},"primaryImageOfPage":{"@id":"https:\/\/dancingdemonart.com\/blog\/es-ar\/eramos-pocos-y-el-vampiro-pario-diablitos\/#primaryimage"},"image":{"@id":"https:\/\/dancingdemonart.com\/blog\/es-ar\/eramos-pocos-y-el-vampiro-pario-diablitos\/#primaryimage"},"thumbnailUrl":"https:\/\/dancingdemonart.com\/blog\/wp-content\/uploads\/SubspeciesPoster.jpg","datePublished":"2024-03-10T11:00:00+00:00","description":"En esta ocasi\u00f3n hablar\u00e9 de una saga de vampiros, con algunas caracter\u00edsticas que me parecieron muy originales: Subespecies. \u00a1All\u00e1 vamos!","breadcrumb":{"@id":"https:\/\/dancingdemonart.com\/blog\/es-ar\/eramos-pocos-y-el-vampiro-pario-diablitos\/#breadcrumb"},"inLanguage":"en-GB","potentialAction":[{"@type":"ReadAction","target":["https:\/\/dancingdemonart.com\/blog\/es-ar\/eramos-pocos-y-el-vampiro-pario-diablitos\/"]}]},{"@type":"ImageObject","inLanguage":"en-GB","@id":"https:\/\/dancingdemonart.com\/blog\/es-ar\/eramos-pocos-y-el-vampiro-pario-diablitos\/#primaryimage","url":"https:\/\/dancingdemonart.com\/blog\/wp-content\/uploads\/SubspeciesPoster.jpg","contentUrl":"https:\/\/dancingdemonart.com\/blog\/wp-content\/uploads\/SubspeciesPoster.jpg","width":284,"height":400,"caption":"Subespecies Poster"},{"@type":"BreadcrumbList","@id":"https:\/\/dancingdemonart.com\/blog\/es-ar\/eramos-pocos-y-el-vampiro-pario-diablitos\/#breadcrumb","itemListElement":[{"@type":"ListItem","position":1,"name":"Home","item":"https:\/\/dancingdemonart.com\/blog\/"},{"@type":"ListItem","position":2,"name":"\u00c9ramos pocos y el vampiro pari\u00f3 diablitos"}]},{"@type":"WebSite","@id":"https:\/\/dancingdemonart.com\/blog\/#website","url":"https:\/\/dancingdemonart.com\/blog\/","name":"Dancing Demon","description":"Blog about fantasy, horror and sci-fi","publisher":{"@id":"https:\/\/dancingdemonart.com\/blog\/#organization"},"potentialAction":[{"@type":"SearchAction","target":{"@type":"EntryPoint","urlTemplate":"https:\/\/dancingdemonart.com\/blog\/?s={search_term_string}"},"query-input":{"@type":"PropertyValueSpecification","valueRequired":true,"valueName":"search_term_string"}}],"inLanguage":"en-GB"},{"@type":"Organization","@id":"https:\/\/dancingdemonart.com\/blog\/#organization","name":"Dancing Demon","url":"https:\/\/dancingdemonart.com\/blog\/","logo":{"@type":"ImageObject","inLanguage":"en-GB","@id":"https:\/\/dancingdemonart.com\/blog\/#\/schema\/logo\/image\/","url":"https:\/\/dancingdemonart.com\/blog\/wp-content\/uploads\/logo2.png","contentUrl":"https:\/\/dancingdemonart.com\/blog\/wp-content\/uploads\/logo2.png","width":51,"height":51,"caption":"Dancing Demon"},"image":{"@id":"https:\/\/dancingdemonart.com\/blog\/#\/schema\/logo\/image\/"},"sameAs":["https:\/\/www.facebook.com\/DancingDemonArt"]},{"@type":"Person","@id":"https:\/\/dancingdemonart.com\/blog\/#\/schema\/person\/3d0093396b4f09d169d373a3c33f4aaa","name":"Dancing Demon","image":{"@type":"ImageObject","inLanguage":"en-GB","@id":"https:\/\/dancingdemonart.com\/blog\/#\/schema\/person\/image\/","url":"https:\/\/secure.gravatar.com\/avatar\/ca021b1b118a814f84e70eb57cbd645671b2783206ac6ea7ee49eade82274b48?s=96&d=monsterid&r=g","contentUrl":"https:\/\/secure.gravatar.com\/avatar\/ca021b1b118a814f84e70eb57cbd645671b2783206ac6ea7ee49eade82274b48?s=96&d=monsterid&r=g","caption":"Dancing Demon"},"sameAs":["https:\/\/dancingdemonart.com\/blog"],"url":"https:\/\/dancingdemonart.com\/blog\/author\/mauricioroth\/"}]}},"_links":{"self":[{"href":"https:\/\/dancingdemonart.com\/blog\/wp-json\/wp\/v2\/posts\/2801","targetHints":{"allow":["GET"]}}],"collection":[{"href":"https:\/\/dancingdemonart.com\/blog\/wp-json\/wp\/v2\/posts"}],"about":[{"href":"https:\/\/dancingdemonart.com\/blog\/wp-json\/wp\/v2\/types\/post"}],"author":[{"embeddable":true,"href":"https:\/\/dancingdemonart.com\/blog\/wp-json\/wp\/v2\/users\/1"}],"replies":[{"embeddable":true,"href":"https:\/\/dancingdemonart.com\/blog\/wp-json\/wp\/v2\/comments?post=2801"}],"version-history":[{"count":3,"href":"https:\/\/dancingdemonart.com\/blog\/wp-json\/wp\/v2\/posts\/2801\/revisions"}],"predecessor-version":[{"id":2811,"href":"https:\/\/dancingdemonart.com\/blog\/wp-json\/wp\/v2\/posts\/2801\/revisions\/2811"}],"wp:featuredmedia":[{"embeddable":true,"href":"https:\/\/dancingdemonart.com\/blog\/wp-json\/wp\/v2\/media\/2800"}],"wp:attachment":[{"href":"https:\/\/dancingdemonart.com\/blog\/wp-json\/wp\/v2\/media?parent=2801"}],"wp:term":[{"taxonomy":"category","embeddable":true,"href":"https:\/\/dancingdemonart.com\/blog\/wp-json\/wp\/v2\/categories?post=2801"},{"taxonomy":"post_tag","embeddable":true,"href":"https:\/\/dancingdemonart.com\/blog\/wp-json\/wp\/v2\/tags?post=2801"}],"curies":[{"name":"wp","href":"https:\/\/api.w.org\/{rel}","templated":true}]}}