{"id":1642,"date":"2022-10-02T08:00:00","date_gmt":"2022-10-02T11:00:00","guid":{"rendered":"https:\/\/dancingdemonart.com\/blog\/?p=1642"},"modified":"2022-06-09T11:44:56","modified_gmt":"2022-06-09T14:44:56","slug":"es-viernes-es-13-pero-no-esta-jason","status":"publish","type":"post","link":"https:\/\/dancingdemonart.com\/blog\/es-ar\/es-viernes-es-13-pero-no-esta-jason\/","title":{"rendered":"Es viernes, es 13, pero no est\u00e1 Jason"},"content":{"rendered":"\n<h1 class=\"wp-block-heading\">Es viernes, es 13, pero no est\u00e1 Jason<\/h1>\n\n\n\n<p>Una vez m\u00e1s, me propongo hacer un especial de terror para el mes de Halloween. Esta vez decid\u00ed empezar con una serie que fue muy importante en mi infancia. La idea original era llamarla \u201cLa Hora 13\u201d, pero para atraer a m\u00e1s espectadores, se decidi\u00f3 llamarla \u201cViernes 13&#8221;. A pesar del nombre, no tiene nada que ver con la famosa saga cinematogr\u00e1fica.<\/p>\n\n\n\n<p>La serie se emiti\u00f3 entre el 3 de octubre de 1987 y el 26 de mayo de 1990. Se llegaron a emitir dos temporadas completas y una tercera temporada que qued\u00f3 inconclusa. \u00bfPor qu\u00e9? Ah, la cultura de la cancelaci\u00f3n haciendo estragos ya en esa \u00e9poca: Algunos sectores, muy religiosos no vieron con buenos ojos el hecho de que la serie tratara temas sat\u00e1nicos. Hubo protestas, amenazaron con boicotear la serie y el estudio cedi\u00f3.<\/p>\n\n\n\n<figure class=\"wp-block-image size-full\"><img decoding=\"async\" width=\"480\" height=\"360\" data-src=\"https:\/\/dancingdemonart.com\/blog\/wp-content\/uploads\/viernes13Intro.jpg\" alt=\"viernes 13 Intro\" class=\"wp-image-1633 lazyload\" data-srcset=\"https:\/\/dancingdemonart.com\/blog\/wp-content\/uploads\/viernes13Intro.jpg 480w, https:\/\/dancingdemonart.com\/blog\/wp-content\/uploads\/viernes13Intro-300x225.jpg 300w, https:\/\/dancingdemonart.com\/blog\/wp-content\/uploads\/viernes13Intro-400x300.jpg 400w\" data-sizes=\"(max-width: 480px) 100vw, 480px\" src=\"data:image\/svg+xml;base64,PHN2ZyB3aWR0aD0iMSIgaGVpZ2h0PSIxIiB4bWxucz0iaHR0cDovL3d3dy53My5vcmcvMjAwMC9zdmciPjwvc3ZnPg==\" style=\"--smush-placeholder-width: 480px; --smush-placeholder-aspect-ratio: 480\/360;\" \/><figcaption>viernes 13 Intro<\/figcaption><\/figure>\n\n\n\n<p>Desde mi punto de vista, lo sat\u00e1nico fue s\u00f3lo una excusa. Lo que les molestaba realmente, es que los protagonistas venc\u00edan al mal s\u00f3lo con su valent\u00eda y determinaci\u00f3n. Nunca hab\u00edan cruces ni plegarias ni agua bendita involucrados.<\/p>\n\n\n\n<p>El caso es que el equipo se enter\u00f3 de la cancelaci\u00f3n de la serie mientras estaban filmando el cap\u00edtulo n\u00famero 20 de la tercera temporada. Se nota que, hacia el final del cap\u00edtulo intentaron darle un cierre con un par de frases pero, desafortunadamente, no tuvieron tiempo para pensar en algo m\u00e1s elaborado. Es una l\u00e1stima: La serie merec\u00eda un mejor final.<\/p>\n\n\n\n<h2 class=\"wp-block-heading\">El argumento<\/h2>\n\n\n\n<p>En el primer cap\u00edtulo, nos presentan a un anciano que ha hecho un pacto con el diablo: A cambio de poderes m\u00e1gicos, deber\u00e1 vender objetos malditos en su tienda de antig\u00fcedades. Pero al momento de iniciar la serie, este se\u00f1or tiene un ataque de arrepentimiento y trata de romper el pacto. Entonces un ser invisible lo asesina. Lo siguiente que sabemos es que dos de sus sobrinos, Micky y Ryan, han heredado la tienda.<\/p>\n\n\n\n<p>Ryan parece entusiasmado con el negocio, pero Micky s\u00f3lo quiere vender la tienda y regresar a su ciudad. As\u00ed, organizan una liquidaci\u00f3n para intentar deshacerse de todos los productos.<\/p>\n\n\n\n<p>Casualmente, Jack, un viejo amigo de su t\u00edo, se presenta en la tienda. Jack tiene conocimientos sobre ocultismo y, con su ayuda, Micky y Ryan se enteran de qu\u00e9 son las antig\u00fcedades: Cada objeto concede alguna clase de deseo o poder sobrenatural, pero a cambio, su due\u00f1o debe pagar un precio (que normalmente implica matar).<\/p>\n\n\n\n<p>En un repentino ataque de responsabilidad, los tres deciden intentar recuperar todo lo que se vendi\u00f3 y guardarlo para que no vuelva a causar da\u00f1o (los objetos no pueden ser destru\u00eddos). B\u00e1sicamente, cada cap\u00edtulo de la serie se centra en uno de estos objetos, en los esfuerzos de los protagonistas por intentar recuperarlo y, por supuesto, su due\u00f1o actual como villano principal.<\/p>\n\n\n\n<figure class=\"wp-block-image size-large\"><img decoding=\"async\" width=\"1024\" height=\"576\" data-src=\"https:\/\/dancingdemonart.com\/blog\/wp-content\/uploads\/viernes13Personajes-1024x576.jpg\" alt=\"Micky, Jack y Ryan\" class=\"wp-image-1634 lazyload\" data-srcset=\"https:\/\/dancingdemonart.com\/blog\/wp-content\/uploads\/viernes13Personajes-1024x576.jpg 1024w, https:\/\/dancingdemonart.com\/blog\/wp-content\/uploads\/viernes13Personajes-300x169.jpg 300w, https:\/\/dancingdemonart.com\/blog\/wp-content\/uploads\/viernes13Personajes-768x432.jpg 768w, https:\/\/dancingdemonart.com\/blog\/wp-content\/uploads\/viernes13Personajes-1536x864.jpg 1536w, https:\/\/dancingdemonart.com\/blog\/wp-content\/uploads\/viernes13Personajes-825x464.jpg 825w, https:\/\/dancingdemonart.com\/blog\/wp-content\/uploads\/viernes13Personajes-600x338.jpg 600w, https:\/\/dancingdemonart.com\/blog\/wp-content\/uploads\/viernes13Personajes-400x225.jpg 400w, https:\/\/dancingdemonart.com\/blog\/wp-content\/uploads\/viernes13Personajes.jpg 1706w\" data-sizes=\"(max-width: 1024px) 100vw, 1024px\" src=\"data:image\/svg+xml;base64,PHN2ZyB3aWR0aD0iMSIgaGVpZ2h0PSIxIiB4bWxucz0iaHR0cDovL3d3dy53My5vcmcvMjAwMC9zdmciPjwvc3ZnPg==\" style=\"--smush-placeholder-width: 1024px; --smush-placeholder-aspect-ratio: 1024\/576;\" \/><figcaption>Micky, Jack y Ryan<\/figcaption><\/figure>\n\n\n\n<p>Varios a\u00f1os despu\u00e9s pude volver a verla y me llam\u00f3 la atenci\u00f3n la poca planificaci\u00f3n de los personajes, a la hora de intentar llegar al objeto. Quiero decir, la persona que lo tiene puede saber lo que es (y normalmente lo sab\u00eda) y no va a estar dispuesta a desprenderse de \u00e9l. A\u00fan as\u00ed, los protagonistas preguntaban por el objeto alegando, simplemente, que tiene un gran valor sentimental y les gustar\u00eda comprarlo. No s\u00e9, si fuera yo les dir\u00eda que el objeto es radioactivo. As\u00ed, si su due\u00f1o no sabe qu\u00e9 es, lo entregar\u00e1 inmediatamente y, si se niega, bueno, ya s\u00e9 con qu\u00e9 clase de persona estoy tratando.<\/p>\n\n\n\n<p>Otra cosa que not\u00e9 al volver a verla, es que los mismos actores interpretaban a diferentes villanos y personajes secundarios. Problemas de presupuesto, supongo.<\/p>\n\n\n\n<figure class=\"wp-block-image size-large\"><img decoding=\"async\" width=\"1024\" height=\"512\" data-src=\"https:\/\/dancingdemonart.com\/blog\/wp-content\/uploads\/viernes13Cronenberg-1024x512.webp\" alt=\"David Cronenberg guante sanador\" class=\"wp-image-1632 lazyload\" data-srcset=\"https:\/\/dancingdemonart.com\/blog\/wp-content\/uploads\/viernes13Cronenberg-1024x512.webp 1024w, https:\/\/dancingdemonart.com\/blog\/wp-content\/uploads\/viernes13Cronenberg-300x150.webp 300w, https:\/\/dancingdemonart.com\/blog\/wp-content\/uploads\/viernes13Cronenberg-768x384.webp 768w, https:\/\/dancingdemonart.com\/blog\/wp-content\/uploads\/viernes13Cronenberg-1536x768.webp 1536w, https:\/\/dancingdemonart.com\/blog\/wp-content\/uploads\/viernes13Cronenberg-825x413.webp 825w, https:\/\/dancingdemonart.com\/blog\/wp-content\/uploads\/viernes13Cronenberg-1920x960.webp 1920w, https:\/\/dancingdemonart.com\/blog\/wp-content\/uploads\/viernes13Cronenberg-600x300.webp 600w, https:\/\/dancingdemonart.com\/blog\/wp-content\/uploads\/viernes13Cronenberg-400x200.webp 400w, https:\/\/dancingdemonart.com\/blog\/wp-content\/uploads\/viernes13Cronenberg.webp 2000w\" data-sizes=\"(max-width: 1024px) 100vw, 1024px\" src=\"data:image\/svg+xml;base64,PHN2ZyB3aWR0aD0iMSIgaGVpZ2h0PSIxIiB4bWxucz0iaHR0cDovL3d3dy53My5vcmcvMjAwMC9zdmciPjwvc3ZnPg==\" style=\"--smush-placeholder-width: 1024px; --smush-placeholder-aspect-ratio: 1024\/512;\" \/><figcaption>David Cronenberg guante sanador<\/figcaption><\/figure>\n\n\n\n<h2 class=\"wp-block-heading\">A continuaci\u00f3n hablar\u00e9 de algunos cap\u00edtulos<\/h2>\n\n\n\n<h3 class=\"wp-block-heading\">El espantap\u00e1jaros<\/h3>\n\n\n\n<p>\u00a1Mi favorito! Una mujer intenta deshacerse de ciertas personas para quedarse con sus granjas. Para tal prop\u00f3sito, utiliza un espantap\u00e1jaros, que s\u00f3lo necesita que le prendan una foto de la v\u00edctima en la solapa del saco. Entonces, el espantap\u00e1jaros cobra vida, toma una guada\u00f1a y le corta la cabeza a la persona de la foto. Los personajes comienzan a encontrar los cuerpos, pero no las cabezas. De hecho, lo m\u00e1s inquietante de este cap\u00edtulo, es que nunca nos explican qu\u00e9 pasaba con las cabezas. Yo creo que el espantap\u00e1jaros se las colocaba debajo de su m\u00e1scara. Si lo viste y tienes una teor\u00eda alternativa, d\u00e9jala en los comentarios.<\/p>\n\n\n\n<h3 class=\"wp-block-heading\">La taza<\/h3>\n\n\n\n<p>En otro cap\u00edtulo, una mujer mayor utiliza una taza con un relieve de una enredadera. La llena de t\u00e9 y se la ofrece a los vagabundos, que duermen en un parque. Cuando la persona toma la taza, la enredadera se hace real, mata a la v\u00edctima y con su energ\u00eda vital rejuvenece a la villana. Ella utiliza este m\u00e9todo para convertirse en una j\u00f3ven y sexy estrella de rock. Lo mejor del cap\u00edtulo: Cuando ya le quitaron la taza e intenta salir al escenario convertida en una anciana tan deteriorada que parece un zombi.<\/p>\n\n\n\n<h3 class=\"wp-block-heading\">La silla<\/h3>\n\n\n\n<p>En otro cap\u00edtulo, un dentista utiliza la silla de su consultorio para matar a sus pacientes, lo cual le otorga poderes el\u00e9ctricos por un tiempo, que usa para matar m\u00e1s gente.<\/p>\n\n\n\n<h3 class=\"wp-block-heading\">El trepanador<\/h3>\n\n\n\n<p>En otro cap\u00edtulo, un cient\u00edfico utiliza un trepanador para transferir la inteligencia de otros cient\u00edficos a su cerebro. Una de sus v\u00edctimas resulta ser un viejo amor de Jack. Es uno de los cap\u00edtulos m\u00e1s tristes de la serie.<\/p>\n\n\n\n<h3 class=\"wp-block-heading\">Los hermanos<\/h3>\n\n\n\n<p>En otro cap\u00edtulo, posiblemente inspirado en la masacre en cadena de Texas, Micky y su novio se pierden en la am\u00e9rica profunda y terminan en manos de unos rednecks, que tienen a toda su familia embalsamada, en el \u00e1tico de su caba\u00f1a, en medio de la nada.<\/p>\n\n\n\n<h3 class=\"wp-block-heading\">El guante<\/h3>\n\n\n\n<p>En otro cap\u00edtulo, dirigido por David Cronenberg, un hombre consigue un guante que puede sanar cualquier enfermedad y lo utiliza para convertirse en un pastor sanador. Claro, el guante cura, pero realmente lo que hace es transferir la enfermedad a la mano de su due\u00f1o. As\u00ed es como, despu\u00e9s de cada milagro, el pastor termina con una gran mancha de lepra en la mano. La \u00fanica forma de quit\u00e1rsela es tocando a otra persona, que muere de lepra masiva. Una verdadera fiesta de horror corporal como s\u00f3lo Cronenberg nos sabe otorgar.<\/p>\n\n\n\n<h3 class=\"wp-block-heading\">La pluma<\/h3>\n\n\n\n<p>En otro cap\u00edtulo, un monje ambicioso utiliza una pluma para deshacerse de sus rivales, en su carrera hacia un mejor puesto en su monasterio. Todo lo que se escribe con la pluma se hace realidad, pero s\u00f3lo si la petici\u00f3n es maligna. En \u00e9ste cap\u00edtulo, Micky debe disfrazarse de hombre para poder infiltrarse en el monasterio.<\/p>\n\n\n\n<h3 class=\"wp-block-heading\">La manta<\/h3>\n\n\n\n<p>En otro cap\u00edtulo, Micky y Ryan deben infiltrarse en una comunidad religiosa, parecida a los menonitas. All\u00ed, una mujer que quiere casarse con el pastor, utiliza una manta, que le permite entrar en los sue\u00f1os de sus rivales y matarlas al estilo Freddy Crueger.<\/p>\n\n\n\n<h3 class=\"wp-block-heading\">La caja de m\u00fasica<\/h3>\n\n\n\n<p>En otro cap\u00edtulo, la sobrina de Jack, una joven bailarina con una carrera prometedora, comienza a trabajar con un core\u00f3grafo muy prestigioso. Pero este core\u00f3grafo tiene una caja de m\u00fasica, que le permite controlar el cuerpo de los bailarines como si fueran marionetas. Los bailarines logran, de este modo, interpretar coreograf\u00edas sobresalientes, pero el esfuerzo f\u00edsico es tan grande, que ninguno sobrevive.<\/p>\n\n\n\n<h3 class=\"wp-block-heading\">La c\u00e1mara<\/h3>\n\n\n\n<p>En otro cap\u00edtulo, un hombre utiliza una c\u00e1mara fotogr\u00e1fica para crear un doble suyo. De \u00e9sta forma, puede cometer asesinatos teniendo una coartada perfecta porque, t\u00e9cnicamente, est\u00e1 en dos lugares a la vez (y se asegura de que todo el mundo lo vea, para que haya testigos).<\/p>\n\n\n\n<h3 class=\"wp-block-heading\">La m\u00e1quina del tiempo<\/h3>\n\n\n\n<p>En otro cap\u00edtulo, un historiador utiliza un viejo proyector para viajar en el tiempo y robar objetos que sabe que tienen un valor hist\u00f3rico. Los personajes lo siguen y terminan en medio de la guerra civil de EEUU.<\/p>\n\n\n\n<h4 class=\"wp-block-heading\">Aqu\u00ed el trailer:<\/h4>\n\n\n\n<figure class=\"wp-block-embed is-type-video is-provider-youtube wp-block-embed-youtube wp-embed-aspect-4-3 wp-has-aspect-ratio\"><div class=\"wp-block-embed__wrapper\">\n<iframe title=\"Kitustrailers : MISTERIO PARA TRES - VIERNES 13 LA SERIE - TERROR EN CASA V (Trailer en Espa\u00f1ol)\" width=\"1230\" height=\"923\" data-src=\"https:\/\/www.youtube.com\/embed\/OJsvwz__HFE?feature=oembed\" frameborder=\"0\" allow=\"accelerometer; autoplay; clipboard-write; encrypted-media; gyroscope; picture-in-picture\" allowfullscreen src=\"data:image\/svg+xml;base64,PHN2ZyB3aWR0aD0iMSIgaGVpZ2h0PSIxIiB4bWxucz0iaHR0cDovL3d3dy53My5vcmcvMjAwMC9zdmciPjwvc3ZnPg==\" class=\"lazyload\" data-load-mode=\"1\"><\/iframe>\n<\/div><\/figure>\n\n\n\n<h2 class=\"wp-block-heading\">Bibliograf\u00eda:<\/h2>\n\n\n\n<p><a href=\"https:\/\/es.wikipedia.org\/wiki\/Friday_the_13th:_The_Series\" target=\"_blank\" rel=\"noreferrer noopener nofollow\">https:\/\/es.wikipedia.org\/wiki\/Friday_the_13th:_The_Series<\/a><\/p>\n\n\n\n<hr class=\"wp-block-separator has-text-color has-vivid-green-cyan-color has-css-opacity has-vivid-green-cyan-background-color has-background is-style-wide\"\/>\n\n\n\n<p>Mi nuevo c\u00f3mic &#8220;De Torturador a Superh\u00e9roe&#8221;, ya est\u00e1 disponible en mi tienda virtual. \u00a1Aprovecha la promoci\u00f3n!<\/p>\n\n\n<div data-block-name=\"woocommerce\/handpicked-products\" data-products=\"[3205]\" class=\"wc-block-grid wp-block-handpicked-products wp-block-woocommerce-handpicked-products wc-block-handpicked-products has-3-columns has-multiple-rows\"><ul class=\"wc-block-grid__products\"><li class=\"wc-block-grid__product\">\n\t\t\t\t<a href=\"https:\/\/dancingdemonart.com\/blog\/product\/torturador-superheroe-capitulo-1\/\" class=\"wc-block-grid__product-link\">\n\t\t\t\t\t<div class=\"wc-block-grid__product-onsale\">\n\t\t\t<span aria-hidden=\"true\">Sale<\/span>\n\t\t\t<span class=\"screen-reader-text\">Product on sale<\/span>\n\t\t<\/div>\n\t\t\t\t\t<div class=\"wc-block-grid__product-image\"><img decoding=\"async\" width=\"300\" height=\"300\" data-src=\"https:\/\/dancingdemonart.com\/blog\/wp-content\/uploads\/deTorturadorASuperheroe1-300x300.jpeg\" class=\"attachment-woocommerce_thumbnail size-woocommerce_thumbnail lazyload\" alt=\"De Torturador a Superh\u00e9roe - Cap\u00edtulo 1 - Portada\" data-srcset=\"https:\/\/dancingdemonart.com\/blog\/wp-content\/uploads\/\/deTorturadorASuperheroe1-300x300.jpeg 300w, https:\/\/dancingdemonart.com\/blog\/wp-content\/uploads\/\/deTorturadorASuperheroe1-150x150.jpeg 150w, https:\/\/dancingdemonart.com\/blog\/wp-content\/uploads\/\/deTorturadorASuperheroe1-100x100.jpeg 100w, https:\/\/dancingdemonart.com\/blog\/wp-content\/uploads\/\/deTorturadorASuperheroe1-120x120.jpeg 120w\" data-sizes=\"(max-width: 300px) 100vw, 300px\" src=\"data:image\/svg+xml;base64,PHN2ZyB3aWR0aD0iMSIgaGVpZ2h0PSIxIiB4bWxucz0iaHR0cDovL3d3dy53My5vcmcvMjAwMC9zdmciPjwvc3ZnPg==\" style=\"--smush-placeholder-width: 300px; --smush-placeholder-aspect-ratio: 300\/300;\" \/><\/div>\n\t\t\t\t\t<div class=\"wc-block-grid__product-title\">De Torturador a Superh\u00e9roe &#8211; Cap\u00edtulo I<\/div>\n\t\t\t\t<\/a>\n\t\t\t\t<div class=\"wc-block-grid__product-price price\"><del aria-hidden=\"true\"><span class=\"woocommerce-Price-amount amount\"><span class=\"woocommerce-Price-currencySymbol\">&#036;<\/span>44.00<\/span><\/del> <span class=\"screen-reader-text\">Original price was: &#036;44.00.<\/span><ins aria-hidden=\"true\"><span class=\"woocommerce-Price-amount amount\"><span class=\"woocommerce-Price-currencySymbol\">&#036;<\/span>32.99<\/span><\/ins><span class=\"screen-reader-text\">Current price is: &#036;32.99.<\/span><\/div>\n\t\t\t\t\n\t\t\t\t<div class=\"wp-block-button wc-block-grid__product-add-to-cart\"><a href=\"\/blog\/wp-json\/wp\/v2\/posts\/1642?add-to-cart=3205\" aria-label=\"Add to basket: &ldquo;De Torturador a Superh\u00e9roe - Cap\u00edtulo I&rdquo;\" data-quantity=\"1\" data-product_id=\"3205\" data-product_sku=\"deTorturadorASuperheroe1\" data-price=\"32.99\" rel=\"nofollow\" class=\"wp-block-button__link  add_to_cart_button ajax_add_to_cart\">Add to basket<\/a><\/div>\n\t\t\t<\/li><\/ul><\/div>\n\n<div data-block-name=\"woocommerce\/handpicked-products\" data-products=\"[3412]\" class=\"wc-block-grid wp-block-handpicked-products wp-block-woocommerce-handpicked-products wc-block-handpicked-products has-3-columns has-multiple-rows\"><ul class=\"wc-block-grid__products\"><li class=\"wc-block-grid__product\">\n\t\t\t\t<a href=\"https:\/\/dancingdemonart.com\/blog\/product\/de-torturador-a-superheroe-capitulo-ii\/\" class=\"wc-block-grid__product-link\">\n\t\t\t\t\t\n\t\t\t\t\t<div class=\"wc-block-grid__product-image\"><img decoding=\"async\" width=\"300\" height=\"300\" data-src=\"https:\/\/dancingdemonart.com\/blog\/wp-content\/uploads\/deTorturadorASuperheroe2-300x300.jpeg\" class=\"attachment-woocommerce_thumbnail size-woocommerce_thumbnail lazyload\" alt=\"de Torturador A Superheroe 2\" data-srcset=\"https:\/\/dancingdemonart.com\/blog\/wp-content\/uploads\/deTorturadorASuperheroe2-300x300.jpeg 300w, https:\/\/dancingdemonart.com\/blog\/wp-content\/uploads\/deTorturadorASuperheroe2-150x150.jpeg 150w, https:\/\/dancingdemonart.com\/blog\/wp-content\/uploads\/deTorturadorASuperheroe2-100x100.jpeg 100w, https:\/\/dancingdemonart.com\/blog\/wp-content\/uploads\/deTorturadorASuperheroe2-120x120.jpeg 120w\" data-sizes=\"(max-width: 300px) 100vw, 300px\" src=\"data:image\/svg+xml;base64,PHN2ZyB3aWR0aD0iMSIgaGVpZ2h0PSIxIiB4bWxucz0iaHR0cDovL3d3dy53My5vcmcvMjAwMC9zdmciPjwvc3ZnPg==\" style=\"--smush-placeholder-width: 300px; --smush-placeholder-aspect-ratio: 300\/300;\" \/><\/div>\n\t\t\t\t\t<div class=\"wc-block-grid__product-title\">De Torturador a Superh\u00e9roe &#8211; Cap\u00edtulo II<\/div>\n\t\t\t\t<\/a>\n\t\t\t\t<div class=\"wc-block-grid__product-price price\"><span class=\"woocommerce-Price-amount amount\"><span class=\"woocommerce-Price-currencySymbol\">&#036;<\/span>16.00<\/span><\/div>\n\t\t\t\t\n\t\t\t\t<div class=\"wp-block-button wc-block-grid__product-add-to-cart\"><a href=\"\/blog\/wp-json\/wp\/v2\/posts\/1642?add-to-cart=3412\" aria-label=\"Add to basket: &ldquo;De Torturador a Superh\u00e9roe - Cap\u00edtulo II&rdquo;\" data-quantity=\"1\" data-product_id=\"3412\" data-product_sku=\"deTorturadorASuperheroe2\" data-price=\"16\" rel=\"nofollow\" class=\"wp-block-button__link  add_to_cart_button ajax_add_to_cart\">Add to basket<\/a><\/div>\n\t\t\t<\/li><\/ul><\/div>\n\n\n<p>Puede que tambi\u00e9n te interese la precuela, &#8220;Mi Primer Empleo&#8221;:<\/p>\n\n\n<div data-block-name=\"woocommerce\/handpicked-products\" data-products=\"[1172]\" class=\"wc-block-grid wp-block-handpicked-products wp-block-woocommerce-handpicked-products wc-block-handpicked-products has-3-columns has-multiple-rows\"><ul class=\"wc-block-grid__products\"><li class=\"wc-block-grid__product\">\n\t\t\t\t<a href=\"https:\/\/dancingdemonart.com\/blog\/product\/mi-primer-empleo-mini-novela-grafica-en-formato-pdf\/\" class=\"wc-block-grid__product-link\">\n\t\t\t\t\t<div class=\"wc-block-grid__product-onsale\">\n\t\t\t<span aria-hidden=\"true\">Sale<\/span>\n\t\t\t<span class=\"screen-reader-text\">Product on sale<\/span>\n\t\t<\/div>\n\t\t\t\t\t<div class=\"wc-block-grid__product-image\"><img decoding=\"async\" width=\"300\" height=\"300\" data-src=\"https:\/\/dancingdemonart.com\/blog\/wp-content\/uploads\/miPrimerEmpleoPortada-300x300.png\" class=\"attachment-woocommerce_thumbnail size-woocommerce_thumbnail lazyload\" alt=\"Mi Primer Empleo\" data-srcset=\"https:\/\/dancingdemonart.com\/blog\/wp-content\/uploads\/miPrimerEmpleoPortada-300x300.png 300w, https:\/\/dancingdemonart.com\/blog\/wp-content\/uploads\/miPrimerEmpleoPortada-100x100.png 100w, https:\/\/dancingdemonart.com\/blog\/wp-content\/uploads\/miPrimerEmpleoPortada-150x150.png 150w, https:\/\/dancingdemonart.com\/blog\/wp-content\/uploads\/miPrimerEmpleoPortada-120x120.png 120w\" data-sizes=\"(max-width: 300px) 100vw, 300px\" src=\"data:image\/svg+xml;base64,PHN2ZyB3aWR0aD0iMSIgaGVpZ2h0PSIxIiB4bWxucz0iaHR0cDovL3d3dy53My5vcmcvMjAwMC9zdmciPjwvc3ZnPg==\" style=\"--smush-placeholder-width: 300px; --smush-placeholder-aspect-ratio: 300\/300;\" \/><\/div>\n\t\t\t\t\t<div class=\"wc-block-grid__product-title\">Mi Primer Empleo &#8211; Mini novela gr\u00e1fica en formato pdf<\/div>\n\t\t\t\t<\/a>\n\t\t\t\t<div class=\"wc-block-grid__product-price price\"><del aria-hidden=\"true\"><span class=\"woocommerce-Price-amount amount\"><span class=\"woocommerce-Price-currencySymbol\">&#036;<\/span>29.00<\/span><\/del> <span class=\"screen-reader-text\">Original price was: &#036;29.00.<\/span><ins aria-hidden=\"true\"><span class=\"woocommerce-Price-amount amount\"><span class=\"woocommerce-Price-currencySymbol\">&#036;<\/span>19.99<\/span><\/ins><span class=\"screen-reader-text\">Current price is: &#036;19.99.<\/span><\/div>\n\t\t\t\t\n\t\t\t\t<div class=\"wp-block-button wc-block-grid__product-add-to-cart\"><a href=\"\/blog\/wp-json\/wp\/v2\/posts\/1642?add-to-cart=1172\" aria-label=\"Add to basket: &ldquo;Mi Primer Empleo - Mini novela gr\u00e1fica en formato pdf&rdquo;\" data-quantity=\"1\" data-product_id=\"1172\" data-product_sku=\"miPrimerEmpleo\" data-price=\"19.99\" rel=\"nofollow\" class=\"wp-block-button__link  add_to_cart_button ajax_add_to_cart\">Add to basket<\/a><\/div>\n\t\t\t<\/li><\/ul><\/div>\n\n\n<p>  Tambi\u00e9n est\u00e1 disponible en las siguientes plataformas: <\/p>\n\n\n\n<ul class=\"wp-block-social-links is-layout-flex wp-block-social-links-is-layout-flex\"><li class=\"wp-social-link wp-social-link-amazon  wp-block-social-link\"><a href=\"https:\/\/www.amazon.com.mx\/dp\/B08SJ5KNX6\" class=\"wp-block-social-link-anchor\"><svg width=\"24\" height=\"24\" viewBox=\"0 0 24 24\" version=\"1.1\" xmlns=\"http:\/\/www.w3.org\/2000\/svg\" aria-hidden=\"true\" focusable=\"false\"><path d=\"M13.582,8.182C11.934,8.367,9.78,8.49,8.238,9.166c-1.781,0.769-3.03,2.337-3.03,4.644 c0,2.953,1.86,4.429,4.253,4.429c2.02,0,3.125-0.477,4.685-2.065c0.516,0.747,0.685,1.109,1.629,1.894 c0.212,0.114,0.483,0.103,0.672-0.066l0.006,0.006c0.567-0.505,1.599-1.401,2.18-1.888c0.231-0.188,0.19-0.496,0.009-0.754 c-0.52-0.718-1.072-1.303-1.072-2.634V8.305c0-1.876,0.133-3.599-1.249-4.891C15.23,2.369,13.422,2,12.04,2 C9.336,2,6.318,3.01,5.686,6.351C5.618,6.706,5.877,6.893,6.109,6.945l2.754,0.298C9.121,7.23,9.308,6.977,9.357,6.72 c0.236-1.151,1.2-1.706,2.284-1.706c0.584,0,1.249,0.215,1.595,0.738c0.398,0.584,0.346,1.384,0.346,2.061V8.182z M13.049,14.088 c-0.451,0.8-1.169,1.291-1.967,1.291c-1.09,0-1.728-0.83-1.728-2.061c0-2.42,2.171-2.86,4.227-2.86v0.615 C13.582,12.181,13.608,13.104,13.049,14.088z M20.683,19.339C18.329,21.076,14.917,22,11.979,22c-4.118,0-7.826-1.522-10.632-4.057 c-0.22-0.199-0.024-0.471,0.241-0.317c3.027,1.762,6.771,2.823,10.639,2.823c2.608,0,5.476-0.541,8.115-1.66 C20.739,18.62,21.072,19.051,20.683,19.339z M21.336,21.043c-0.194,0.163-0.379,0.076-0.293-0.139 c0.284-0.71,0.92-2.298,0.619-2.684c-0.301-0.386-1.99-0.183-2.749-0.092c-0.23,0.027-0.266-0.173-0.059-0.319 c1.348-0.946,3.555-0.673,3.811-0.356C22.925,17.773,22.599,19.986,21.336,21.043z\"><\/path><\/svg><span class=\"wp-block-social-link-label screen-reader-text\">Amazon<\/span><\/a><\/li><\/ul>\n\n\n\n<ul class=\"wp-block-social-links is-layout-flex wp-block-social-links-is-layout-flex\"><li class=\"wp-social-link wp-social-link-deviantart  wp-block-social-link\"><a href=\"https:\/\/www.deviantart.com\/dancingdemonart\/art\/Mi-Primer-Empleo-mini-novela-grafica-864334597\" class=\"wp-block-social-link-anchor\"><svg width=\"24\" height=\"24\" viewBox=\"0 0 24 24\" version=\"1.1\" xmlns=\"http:\/\/www.w3.org\/2000\/svg\" aria-hidden=\"true\" focusable=\"false\"><path d=\"M 18.19 5.636 18.19 2 18.188 2 14.553 2 14.19 2.366 12.474 5.636 11.935 6 5.81 6 5.81 10.994 9.177 10.994 9.477 11.357 5.81 18.363 5.81 22 5.811 22 9.447 22 9.81 21.634 11.526 18.364 12.065 18 18.19 18 18.19 13.006 14.823 13.006 14.523 12.641 18.19 5.636z\"><\/path><\/svg><span class=\"wp-block-social-link-label screen-reader-text\">DeviantArt<\/span><\/a><\/li><\/ul>\n","protected":false},"excerpt":{"rendered":"<p>Una vez m\u00e1s, me propongo hacer un especial de terror para el mes de Halloween. Esta vez decid\u00ed empezar con una serie que fue muy importante en mi infancia. La idea original era llamarla \u201cLa Hora 13\u201d, pero para atraer a m\u00e1s espectadores, se decidi\u00f3 llamarla \u201cViernes 13&#8221;. A pesar del nombre, no tiene nada que ver con la famosa saga cinematogr\u00e1fica.&hellip;<a href=\"https:\/\/dancingdemonart.com\/blog\/es-ar\/es-viernes-es-13-pero-no-esta-jason\/\" class=\"more-link\"><span class=\"more-button\">Continue reading<span class=\"screen-reader-text\">Es viernes, es 13, pero no est\u00e1 Jason<\/span><\/span><\/a><\/p>\n","protected":false},"author":1,"featured_media":1631,"comment_status":"open","ping_status":"open","sticky":false,"template":"","format":"standard","meta":{"footnotes":""},"categories":[39],"tags":[],"class_list":["post-1642","post","type-post","status-publish","format-standard","has-post-thumbnail","hentry","category-terror"],"yoast_head":"<!-- This site is optimized with the Yoast SEO plugin v26.7 - https:\/\/yoast.com\/wordpress\/plugins\/seo\/ -->\r\n<title>Es viernes, es 13, pero no est\u00e1 Jason - Dancing Demon Terror<\/title>\r\n<meta name=\"description\" content=\"Una vez m\u00e1s, me propongo hacer un especial de terror para el mes de Halloween. Voy a empezar con una serie muy importante en mi infancia.\" \/>\r\n<meta name=\"robots\" content=\"index, follow, max-snippet:-1, max-image-preview:large, max-video-preview:-1\" \/>\r\n<link rel=\"canonical\" href=\"https:\/\/dancingdemonart.com\/blog\/es-ar\/es-viernes-es-13-pero-no-esta-jason\/\" \/>\r\n<meta property=\"og:locale\" content=\"en_GB\" \/>\r\n<meta property=\"og:type\" content=\"article\" \/>\r\n<meta property=\"og:title\" content=\"Es viernes, es 13, pero no est\u00e1 Jason - Dancing Demon Terror\" \/>\r\n<meta property=\"og:description\" content=\"Una vez m\u00e1s, me propongo hacer un especial de terror para el mes de Halloween. Voy a empezar con una serie muy importante en mi infancia.\" \/>\r\n<meta property=\"og:url\" content=\"https:\/\/dancingdemonart.com\/blog\/es-ar\/es-viernes-es-13-pero-no-esta-jason\/\" \/>\r\n<meta property=\"og:site_name\" content=\"Dancing Demon\" \/>\r\n<meta property=\"article:publisher\" content=\"https:\/\/www.facebook.com\/DancingDemonArt\" \/>\r\n<meta property=\"article:published_time\" content=\"2022-10-02T11:00:00+00:00\" \/>\r\n<meta property=\"og:image\" content=\"https:\/\/dancingdemonart.com\/blog\/wp-content\/uploads\/viernes13Portada.jpg\" \/>\r\n\t<meta property=\"og:image:width\" content=\"180\" \/>\r\n\t<meta property=\"og:image:height\" content=\"279\" \/>\r\n\t<meta property=\"og:image:type\" content=\"image\/jpeg\" \/>\r\n<meta name=\"author\" content=\"Dancing Demon\" \/>\r\n<meta name=\"twitter:card\" content=\"summary_large_image\" \/>\r\n<meta name=\"twitter:label1\" content=\"Written by\" \/>\n\t<meta name=\"twitter:data1\" content=\"Dancing Demon\" \/>\n\t<meta name=\"twitter:label2\" content=\"Estimated reading time\" \/>\n\t<meta name=\"twitter:data2\" content=\"7 minutes\" \/>\r\n<script type=\"application\/ld+json\" class=\"yoast-schema-graph\">{\"@context\":\"https:\/\/schema.org\",\"@graph\":[{\"@type\":\"Article\",\"@id\":\"https:\/\/dancingdemonart.com\/blog\/es-ar\/es-viernes-es-13-pero-no-esta-jason\/#article\",\"isPartOf\":{\"@id\":\"https:\/\/dancingdemonart.com\/blog\/es-ar\/es-viernes-es-13-pero-no-esta-jason\/\"},\"author\":{\"name\":\"Dancing Demon\",\"@id\":\"https:\/\/dancingdemonart.com\/blog\/#\/schema\/person\/3d0093396b4f09d169d373a3c33f4aaa\"},\"headline\":\"Es viernes, es 13, pero no est\u00e1 Jason\",\"datePublished\":\"2022-10-02T11:00:00+00:00\",\"mainEntityOfPage\":{\"@id\":\"https:\/\/dancingdemonart.com\/blog\/es-ar\/es-viernes-es-13-pero-no-esta-jason\/\"},\"wordCount\":1422,\"commentCount\":0,\"publisher\":{\"@id\":\"https:\/\/dancingdemonart.com\/blog\/#organization\"},\"image\":{\"@id\":\"https:\/\/dancingdemonart.com\/blog\/es-ar\/es-viernes-es-13-pero-no-esta-jason\/#primaryimage\"},\"thumbnailUrl\":\"https:\/\/dancingdemonart.com\/blog\/wp-content\/uploads\/viernes13Portada.jpg\",\"articleSection\":[\"Terror\"],\"inLanguage\":\"en-GB\",\"potentialAction\":[{\"@type\":\"CommentAction\",\"name\":\"Comment\",\"target\":[\"https:\/\/dancingdemonart.com\/blog\/es-ar\/es-viernes-es-13-pero-no-esta-jason\/#respond\"]}]},{\"@type\":\"WebPage\",\"@id\":\"https:\/\/dancingdemonart.com\/blog\/es-ar\/es-viernes-es-13-pero-no-esta-jason\/\",\"url\":\"https:\/\/dancingdemonart.com\/blog\/es-ar\/es-viernes-es-13-pero-no-esta-jason\/\",\"name\":\"Es viernes, es 13, pero no est\u00e1 Jason - Dancing Demon Terror\",\"isPartOf\":{\"@id\":\"https:\/\/dancingdemonart.com\/blog\/#website\"},\"primaryImageOfPage\":{\"@id\":\"https:\/\/dancingdemonart.com\/blog\/es-ar\/es-viernes-es-13-pero-no-esta-jason\/#primaryimage\"},\"image\":{\"@id\":\"https:\/\/dancingdemonart.com\/blog\/es-ar\/es-viernes-es-13-pero-no-esta-jason\/#primaryimage\"},\"thumbnailUrl\":\"https:\/\/dancingdemonart.com\/blog\/wp-content\/uploads\/viernes13Portada.jpg\",\"datePublished\":\"2022-10-02T11:00:00+00:00\",\"description\":\"Una vez m\u00e1s, me propongo hacer un especial de terror para el mes de Halloween. Voy a empezar con una serie muy importante en mi infancia.\",\"breadcrumb\":{\"@id\":\"https:\/\/dancingdemonart.com\/blog\/es-ar\/es-viernes-es-13-pero-no-esta-jason\/#breadcrumb\"},\"inLanguage\":\"en-GB\",\"potentialAction\":[{\"@type\":\"ReadAction\",\"target\":[\"https:\/\/dancingdemonart.com\/blog\/es-ar\/es-viernes-es-13-pero-no-esta-jason\/\"]}]},{\"@type\":\"ImageObject\",\"inLanguage\":\"en-GB\",\"@id\":\"https:\/\/dancingdemonart.com\/blog\/es-ar\/es-viernes-es-13-pero-no-esta-jason\/#primaryimage\",\"url\":\"https:\/\/dancingdemonart.com\/blog\/wp-content\/uploads\/viernes13Portada.jpg\",\"contentUrl\":\"https:\/\/dancingdemonart.com\/blog\/wp-content\/uploads\/viernes13Portada.jpg\",\"width\":180,\"height\":279,\"caption\":\"viernes 13 Portada\"},{\"@type\":\"BreadcrumbList\",\"@id\":\"https:\/\/dancingdemonart.com\/blog\/es-ar\/es-viernes-es-13-pero-no-esta-jason\/#breadcrumb\",\"itemListElement\":[{\"@type\":\"ListItem\",\"position\":1,\"name\":\"Home\",\"item\":\"https:\/\/dancingdemonart.com\/blog\/\"},{\"@type\":\"ListItem\",\"position\":2,\"name\":\"Es viernes, es 13, pero no est\u00e1 Jason\"}]},{\"@type\":\"WebSite\",\"@id\":\"https:\/\/dancingdemonart.com\/blog\/#website\",\"url\":\"https:\/\/dancingdemonart.com\/blog\/\",\"name\":\"Dancing Demon\",\"description\":\"Blog about fantasy, horror and sci-fi\",\"publisher\":{\"@id\":\"https:\/\/dancingdemonart.com\/blog\/#organization\"},\"potentialAction\":[{\"@type\":\"SearchAction\",\"target\":{\"@type\":\"EntryPoint\",\"urlTemplate\":\"https:\/\/dancingdemonart.com\/blog\/?s={search_term_string}\"},\"query-input\":{\"@type\":\"PropertyValueSpecification\",\"valueRequired\":true,\"valueName\":\"search_term_string\"}}],\"inLanguage\":\"en-GB\"},{\"@type\":\"Organization\",\"@id\":\"https:\/\/dancingdemonart.com\/blog\/#organization\",\"name\":\"Dancing Demon\",\"url\":\"https:\/\/dancingdemonart.com\/blog\/\",\"logo\":{\"@type\":\"ImageObject\",\"inLanguage\":\"en-GB\",\"@id\":\"https:\/\/dancingdemonart.com\/blog\/#\/schema\/logo\/image\/\",\"url\":\"https:\/\/dancingdemonart.com\/blog\/wp-content\/uploads\/logo2.png\",\"contentUrl\":\"https:\/\/dancingdemonart.com\/blog\/wp-content\/uploads\/logo2.png\",\"width\":51,\"height\":51,\"caption\":\"Dancing Demon\"},\"image\":{\"@id\":\"https:\/\/dancingdemonart.com\/blog\/#\/schema\/logo\/image\/\"},\"sameAs\":[\"https:\/\/www.facebook.com\/DancingDemonArt\"]},{\"@type\":\"Person\",\"@id\":\"https:\/\/dancingdemonart.com\/blog\/#\/schema\/person\/3d0093396b4f09d169d373a3c33f4aaa\",\"name\":\"Dancing Demon\",\"image\":{\"@type\":\"ImageObject\",\"inLanguage\":\"en-GB\",\"@id\":\"https:\/\/dancingdemonart.com\/blog\/#\/schema\/person\/image\/\",\"url\":\"https:\/\/secure.gravatar.com\/avatar\/ca021b1b118a814f84e70eb57cbd645671b2783206ac6ea7ee49eade82274b48?s=96&d=monsterid&r=g\",\"contentUrl\":\"https:\/\/secure.gravatar.com\/avatar\/ca021b1b118a814f84e70eb57cbd645671b2783206ac6ea7ee49eade82274b48?s=96&d=monsterid&r=g\",\"caption\":\"Dancing Demon\"},\"sameAs\":[\"https:\/\/dancingdemonart.com\/blog\"],\"url\":\"https:\/\/dancingdemonart.com\/blog\/author\/mauricioroth\/\"}]}<\/script>\r\n<!-- \/ Yoast SEO plugin. -->","yoast_head_json":{"title":"Es viernes, es 13, pero no est\u00e1 Jason - Dancing Demon Terror","description":"Una vez m\u00e1s, me propongo hacer un especial de terror para el mes de Halloween. Voy a empezar con una serie muy importante en mi infancia.","robots":{"index":"index","follow":"follow","max-snippet":"max-snippet:-1","max-image-preview":"max-image-preview:large","max-video-preview":"max-video-preview:-1"},"canonical":"https:\/\/dancingdemonart.com\/blog\/es-ar\/es-viernes-es-13-pero-no-esta-jason\/","og_locale":"en_GB","og_type":"article","og_title":"Es viernes, es 13, pero no est\u00e1 Jason - Dancing Demon Terror","og_description":"Una vez m\u00e1s, me propongo hacer un especial de terror para el mes de Halloween. Voy a empezar con una serie muy importante en mi infancia.","og_url":"https:\/\/dancingdemonart.com\/blog\/es-ar\/es-viernes-es-13-pero-no-esta-jason\/","og_site_name":"Dancing Demon","article_publisher":"https:\/\/www.facebook.com\/DancingDemonArt","article_published_time":"2022-10-02T11:00:00+00:00","og_image":[{"width":180,"height":279,"url":"https:\/\/dancingdemonart.com\/blog\/wp-content\/uploads\/viernes13Portada.jpg","type":"image\/jpeg"}],"author":"Dancing Demon","twitter_card":"summary_large_image","twitter_misc":{"Written by":"Dancing Demon","Estimated reading time":"7 minutes"},"schema":{"@context":"https:\/\/schema.org","@graph":[{"@type":"Article","@id":"https:\/\/dancingdemonart.com\/blog\/es-ar\/es-viernes-es-13-pero-no-esta-jason\/#article","isPartOf":{"@id":"https:\/\/dancingdemonart.com\/blog\/es-ar\/es-viernes-es-13-pero-no-esta-jason\/"},"author":{"name":"Dancing Demon","@id":"https:\/\/dancingdemonart.com\/blog\/#\/schema\/person\/3d0093396b4f09d169d373a3c33f4aaa"},"headline":"Es viernes, es 13, pero no est\u00e1 Jason","datePublished":"2022-10-02T11:00:00+00:00","mainEntityOfPage":{"@id":"https:\/\/dancingdemonart.com\/blog\/es-ar\/es-viernes-es-13-pero-no-esta-jason\/"},"wordCount":1422,"commentCount":0,"publisher":{"@id":"https:\/\/dancingdemonart.com\/blog\/#organization"},"image":{"@id":"https:\/\/dancingdemonart.com\/blog\/es-ar\/es-viernes-es-13-pero-no-esta-jason\/#primaryimage"},"thumbnailUrl":"https:\/\/dancingdemonart.com\/blog\/wp-content\/uploads\/viernes13Portada.jpg","articleSection":["Terror"],"inLanguage":"en-GB","potentialAction":[{"@type":"CommentAction","name":"Comment","target":["https:\/\/dancingdemonart.com\/blog\/es-ar\/es-viernes-es-13-pero-no-esta-jason\/#respond"]}]},{"@type":"WebPage","@id":"https:\/\/dancingdemonart.com\/blog\/es-ar\/es-viernes-es-13-pero-no-esta-jason\/","url":"https:\/\/dancingdemonart.com\/blog\/es-ar\/es-viernes-es-13-pero-no-esta-jason\/","name":"Es viernes, es 13, pero no est\u00e1 Jason - Dancing Demon Terror","isPartOf":{"@id":"https:\/\/dancingdemonart.com\/blog\/#website"},"primaryImageOfPage":{"@id":"https:\/\/dancingdemonart.com\/blog\/es-ar\/es-viernes-es-13-pero-no-esta-jason\/#primaryimage"},"image":{"@id":"https:\/\/dancingdemonart.com\/blog\/es-ar\/es-viernes-es-13-pero-no-esta-jason\/#primaryimage"},"thumbnailUrl":"https:\/\/dancingdemonart.com\/blog\/wp-content\/uploads\/viernes13Portada.jpg","datePublished":"2022-10-02T11:00:00+00:00","description":"Una vez m\u00e1s, me propongo hacer un especial de terror para el mes de Halloween. Voy a empezar con una serie muy importante en mi infancia.","breadcrumb":{"@id":"https:\/\/dancingdemonart.com\/blog\/es-ar\/es-viernes-es-13-pero-no-esta-jason\/#breadcrumb"},"inLanguage":"en-GB","potentialAction":[{"@type":"ReadAction","target":["https:\/\/dancingdemonart.com\/blog\/es-ar\/es-viernes-es-13-pero-no-esta-jason\/"]}]},{"@type":"ImageObject","inLanguage":"en-GB","@id":"https:\/\/dancingdemonart.com\/blog\/es-ar\/es-viernes-es-13-pero-no-esta-jason\/#primaryimage","url":"https:\/\/dancingdemonart.com\/blog\/wp-content\/uploads\/viernes13Portada.jpg","contentUrl":"https:\/\/dancingdemonart.com\/blog\/wp-content\/uploads\/viernes13Portada.jpg","width":180,"height":279,"caption":"viernes 13 Portada"},{"@type":"BreadcrumbList","@id":"https:\/\/dancingdemonart.com\/blog\/es-ar\/es-viernes-es-13-pero-no-esta-jason\/#breadcrumb","itemListElement":[{"@type":"ListItem","position":1,"name":"Home","item":"https:\/\/dancingdemonart.com\/blog\/"},{"@type":"ListItem","position":2,"name":"Es viernes, es 13, pero no est\u00e1 Jason"}]},{"@type":"WebSite","@id":"https:\/\/dancingdemonart.com\/blog\/#website","url":"https:\/\/dancingdemonart.com\/blog\/","name":"Dancing Demon","description":"Blog about fantasy, horror and sci-fi","publisher":{"@id":"https:\/\/dancingdemonart.com\/blog\/#organization"},"potentialAction":[{"@type":"SearchAction","target":{"@type":"EntryPoint","urlTemplate":"https:\/\/dancingdemonart.com\/blog\/?s={search_term_string}"},"query-input":{"@type":"PropertyValueSpecification","valueRequired":true,"valueName":"search_term_string"}}],"inLanguage":"en-GB"},{"@type":"Organization","@id":"https:\/\/dancingdemonart.com\/blog\/#organization","name":"Dancing Demon","url":"https:\/\/dancingdemonart.com\/blog\/","logo":{"@type":"ImageObject","inLanguage":"en-GB","@id":"https:\/\/dancingdemonart.com\/blog\/#\/schema\/logo\/image\/","url":"https:\/\/dancingdemonart.com\/blog\/wp-content\/uploads\/logo2.png","contentUrl":"https:\/\/dancingdemonart.com\/blog\/wp-content\/uploads\/logo2.png","width":51,"height":51,"caption":"Dancing Demon"},"image":{"@id":"https:\/\/dancingdemonart.com\/blog\/#\/schema\/logo\/image\/"},"sameAs":["https:\/\/www.facebook.com\/DancingDemonArt"]},{"@type":"Person","@id":"https:\/\/dancingdemonart.com\/blog\/#\/schema\/person\/3d0093396b4f09d169d373a3c33f4aaa","name":"Dancing Demon","image":{"@type":"ImageObject","inLanguage":"en-GB","@id":"https:\/\/dancingdemonart.com\/blog\/#\/schema\/person\/image\/","url":"https:\/\/secure.gravatar.com\/avatar\/ca021b1b118a814f84e70eb57cbd645671b2783206ac6ea7ee49eade82274b48?s=96&d=monsterid&r=g","contentUrl":"https:\/\/secure.gravatar.com\/avatar\/ca021b1b118a814f84e70eb57cbd645671b2783206ac6ea7ee49eade82274b48?s=96&d=monsterid&r=g","caption":"Dancing Demon"},"sameAs":["https:\/\/dancingdemonart.com\/blog"],"url":"https:\/\/dancingdemonart.com\/blog\/author\/mauricioroth\/"}]}},"_links":{"self":[{"href":"https:\/\/dancingdemonart.com\/blog\/wp-json\/wp\/v2\/posts\/1642","targetHints":{"allow":["GET"]}}],"collection":[{"href":"https:\/\/dancingdemonart.com\/blog\/wp-json\/wp\/v2\/posts"}],"about":[{"href":"https:\/\/dancingdemonart.com\/blog\/wp-json\/wp\/v2\/types\/post"}],"author":[{"embeddable":true,"href":"https:\/\/dancingdemonart.com\/blog\/wp-json\/wp\/v2\/users\/1"}],"replies":[{"embeddable":true,"href":"https:\/\/dancingdemonart.com\/blog\/wp-json\/wp\/v2\/comments?post=1642"}],"version-history":[{"count":3,"href":"https:\/\/dancingdemonart.com\/blog\/wp-json\/wp\/v2\/posts\/1642\/revisions"}],"predecessor-version":[{"id":1651,"href":"https:\/\/dancingdemonart.com\/blog\/wp-json\/wp\/v2\/posts\/1642\/revisions\/1651"}],"wp:featuredmedia":[{"embeddable":true,"href":"https:\/\/dancingdemonart.com\/blog\/wp-json\/wp\/v2\/media\/1631"}],"wp:attachment":[{"href":"https:\/\/dancingdemonart.com\/blog\/wp-json\/wp\/v2\/media?parent=1642"}],"wp:term":[{"taxonomy":"category","embeddable":true,"href":"https:\/\/dancingdemonart.com\/blog\/wp-json\/wp\/v2\/categories?post=1642"},{"taxonomy":"post_tag","embeddable":true,"href":"https:\/\/dancingdemonart.com\/blog\/wp-json\/wp\/v2\/tags?post=1642"}],"curies":[{"name":"wp","href":"https:\/\/api.w.org\/{rel}","templated":true}]}}